

{"id":4271,"date":"2014-05-25T05:53:37","date_gmt":"2014-05-25T05:53:37","guid":{"rendered":"http:\/\/www.ananomundo.com.br\/nw\/?p=4271"},"modified":"2014-10-16T18:50:05","modified_gmt":"2014-10-16T18:50:05","slug":"um-giro-de-trem-pela-suica-7-st-moritz-por-zenaide-alves","status":"publish","type":"post","link":"http:\/\/www.ananomundo.com.br\/nw\/um-giro-de-trem-pela-suica-7-st-moritz-por-zenaide-alves\/","title":{"rendered":"UM GIRO DE TREM PELA SU\u00cd\u00c7A \u2013 7: St Moritz (por Zenaide Alves)"},"content":{"rendered":"<h4 style=\"color: #ffffff;\"><span style=\"font-weight: inherit; font-style: inherit; color: #0000ff;\"><a href=\"https:\/\/i0.wp.com\/www.ananomundo.com.br\/nw\/wp-content\/uploads\/2014\/05\/800px-StMoritz-01.jpg\" class='wp-img-bg-off' rel='mygallery'><img data-attachment-id=\"4301\" data-permalink=\"http:\/\/www.ananomundo.com.br\/nw\/um-giro-de-trem-pela-suica-7-st-moritz-por-zenaide-alves\/800px-stmoritz-01\/\" data-orig-file=\"https:\/\/i0.wp.com\/www.ananomundo.com.br\/nw\/wp-content\/uploads\/2014\/05\/800px-StMoritz-01.jpg?fit=800%2C533\" data-orig-size=\"800,533\" data-comments-opened=\"1\" data-image-meta=\"{&quot;aperture&quot;:&quot;0&quot;,&quot;credit&quot;:&quot;&quot;,&quot;camera&quot;:&quot;&quot;,&quot;caption&quot;:&quot;&quot;,&quot;created_timestamp&quot;:&quot;0&quot;,&quot;copyright&quot;:&quot;&quot;,&quot;focal_length&quot;:&quot;0&quot;,&quot;iso&quot;:&quot;0&quot;,&quot;shutter_speed&quot;:&quot;0&quot;,&quot;title&quot;:&quot;&quot;}\" data-image-title=\"800px-StMoritz-01\" data-image-description=\"\" data-medium-file=\"https:\/\/i0.wp.com\/www.ananomundo.com.br\/nw\/wp-content\/uploads\/2014\/05\/800px-StMoritz-01.jpg?fit=350%2C233\" data-large-file=\"https:\/\/i0.wp.com\/www.ananomundo.com.br\/nw\/wp-content\/uploads\/2014\/05\/800px-StMoritz-01.jpg?fit=800%2C533\" loading=\"lazy\" class=\"alignleft size-thumbnail wp-image-4301\" src=\"https:\/\/i0.wp.com\/www.ananomundo.com.br\/nw\/wp-content\/uploads\/2014\/05\/800px-StMoritz-01.jpg?resize=230%2C150\" alt=\"800px-StMoritz-01\" width=\"230\" height=\"150\" srcset=\"https:\/\/i0.wp.com\/www.ananomundo.com.br\/nw\/wp-content\/uploads\/2014\/05\/800px-StMoritz-01.jpg?resize=230%2C150 230w, https:\/\/i0.wp.com\/www.ananomundo.com.br\/nw\/wp-content\/uploads\/2014\/05\/800px-StMoritz-01.jpg?zoom=2&amp;resize=230%2C150 460w, https:\/\/i0.wp.com\/www.ananomundo.com.br\/nw\/wp-content\/uploads\/2014\/05\/800px-StMoritz-01.jpg?zoom=3&amp;resize=230%2C150 690w\" sizes=\"(max-width: 230px) 100vw, 230px\" data-recalc-dims=\"1\" \/><\/a>1) Um Destino: SU\u00cd\u00c7A\u00a0(de trem)<\/span><\/h4>\n<p style=\"color: #717171;\">Zurique, Lucerna, Berna,\u00a0Interlaken, Genebra, Zermatt,\u00a0<strong>St. Moritz<\/strong> e Lugano.<\/p>\n<h4 style=\"color: #ffffff;\"><span style=\"font-weight: inherit; font-style: inherit; color: #0000ff;\">2) A hist\u00f3ria da Viagem<\/span><\/h4>\n<p style=\"text-align: justify;\">A hist\u00f3ria do come\u00e7o dessa viagem foi contada desde o primeiro post referente a esse &#8220;giro de trem pela Su\u00ed\u00e7a&#8221;. Sobre as cidades anteriores do roteiro voc\u00ea pode ver clicando em\u00a0<span style=\"color: #717171;\"><a href=\"http:\/\/www.ananomundo.com.br\/nw\/um-giro-de-trem-pela-suica-1-zurich-por-zenaide-alves\/\">Zurique<\/a>, <a href=\"http:\/\/www.ananomundo.com.br\/nw\/um-giro-de-trem-pela-suica-2-lucerne-por-zenaide-alves\/\">Lucerna<\/a>, <a href=\"http:\/\/www.ananomundo.com.br\/nw\/um-giro-de-trem-pela-suica-3-berna-por-zenaide-alves\/\">Berna<\/a>,\u00a0<a href=\"http:\/\/www.ananomundo.com.br\/nw\/um-giro-de-trem-pela-suica-4-interlaken-por-zenaide-alves\/\">Interlaken<\/a>,\u00a0<a href=\"http:\/\/www.ananomundo.com.br\/nw\/um-giro-de-trem-pela-suica-5-genebra-por-zenaide-alves\/\">Genebra<\/a> e <a href=\"http:\/\/www.ananomundo.com.br\/nw\/um-giro-de-trem-pela-suica-6-zermatt-por-zenaide-alves\/\">Zermatt<\/a>. <span style=\"color: #333333;\">Agora \u00e9 a vez de falarmos de<\/span>\u00a0<\/span><strong>St Moritz. <\/strong><!--more--><\/p>\n<p style=\"text-align: right;\"><em>(foto 1: cr\u00e9ditos\u00a0commons.wikimedia.org)<\/em><\/p>\n<p style=\"text-align: justify;\">Chegamos a St.Moritz no final da tarde e, como hav\u00edamos solicitado o servi\u00e7o de transfer do hotel, que era oferecido gratuitamente, l\u00e1 estava o motorista portugu\u00eas \u00e0 nossa espera e, em poucos minutos j\u00e1 est\u00e1vamos acomodados em nosso quarto.<\/p>\n<p>Fizemos a reserva para o jantar no pr\u00f3prio hotel, que tinha um bom restaurante e uma maravilhosa confeitaria. A amabilidade das pessoas que trabalham nesse hotel nos chamou a aten\u00e7\u00e3o: entre outras coisas, ao chagarmos ao restaurante o funcion\u00e1rio que nos recepcionou e nos levou at\u00e9 \u00a0a nossa mesa, nos cumprimentou falando nossos nomes, antes mesmo de falarmos qualquer coisa!<\/p>\n<h4 style=\"text-align: justify;\"><span style=\"color: #0000ff;\">3) O que \u00e9 imperd\u00edvel (em St Moritz)<\/span><\/h4>\n<p style=\"text-align: justify;\">Na manh\u00e3 seguinte fomos \u00e0 esta\u00e7\u00e3o de trens, pois decidimos, em cima da hora, fazer a viagem para Lugano pelo Bernina Express e t\u00ednhamos que fazer reserva de assentos. De l\u00e1, fomos conhecer o <strong>Muottas Muragl<\/strong>, uma das muitas montanhas que fazem a fama de St. Moritz como excelente local para a pr\u00e1tica de esportes de inverno e tamb\u00e9m para caminhadas e montanhismo no ver\u00e3o.<\/p>\n<p style=\"text-align: justify;\">Subimos por um funicular e passamos quase toda a manh\u00e3 por l\u00e1, pois a vista \u00e9 arrebatadora! Tomamos um caf\u00e9 apreciando a cidade e o lago St. Moritz l\u00e1 do alto.<\/p>\n<div id=\"attachment_4302\" style=\"width: 360px\" class=\"wp-caption aligncenter\"><a href=\"https:\/\/i0.wp.com\/www.ananomundo.com.br\/nw\/wp-content\/uploads\/2014\/05\/Foto-24.jpg\" class='wp-img-bg-off' rel='mygallery'><img aria-describedby=\"caption-attachment-4302\" data-attachment-id=\"4302\" data-permalink=\"http:\/\/www.ananomundo.com.br\/nw\/um-giro-de-trem-pela-suica-7-st-moritz-por-zenaide-alves\/foto-24\/\" data-orig-file=\"https:\/\/i0.wp.com\/www.ananomundo.com.br\/nw\/wp-content\/uploads\/2014\/05\/Foto-24.jpg?fit=4000%2C2248\" data-orig-size=\"4000,2248\" data-comments-opened=\"1\" data-image-meta=\"{&quot;aperture&quot;:&quot;0&quot;,&quot;credit&quot;:&quot;Picasa&quot;,&quot;camera&quot;:&quot;&quot;,&quot;caption&quot;:&quot;&quot;,&quot;created_timestamp&quot;:&quot;0&quot;,&quot;copyright&quot;:&quot;&quot;,&quot;focal_length&quot;:&quot;0&quot;,&quot;iso&quot;:&quot;0&quot;,&quot;shutter_speed&quot;:&quot;0&quot;,&quot;title&quot;:&quot;&quot;}\" data-image-title=\"Foto 24\" data-image-description=\"\" data-medium-file=\"https:\/\/i0.wp.com\/www.ananomundo.com.br\/nw\/wp-content\/uploads\/2014\/05\/Foto-24.jpg?fit=350%2C196\" data-large-file=\"https:\/\/i0.wp.com\/www.ananomundo.com.br\/nw\/wp-content\/uploads\/2014\/05\/Foto-24.jpg?fit=875%2C491\" loading=\"lazy\" class=\"size-medium wp-image-4302\" src=\"https:\/\/i0.wp.com\/www.ananomundo.com.br\/nw\/wp-content\/uploads\/2014\/05\/Foto-24.jpg?resize=350%2C196\" alt=\"Muottas Muragl\" width=\"350\" height=\"196\" srcset=\"https:\/\/i0.wp.com\/www.ananomundo.com.br\/nw\/wp-content\/uploads\/2014\/05\/Foto-24.jpg?resize=350%2C196 350w, https:\/\/i0.wp.com\/www.ananomundo.com.br\/nw\/wp-content\/uploads\/2014\/05\/Foto-24.jpg?resize=1024%2C575 1024w, https:\/\/i0.wp.com\/www.ananomundo.com.br\/nw\/wp-content\/uploads\/2014\/05\/Foto-24.jpg?w=1750 1750w, https:\/\/i0.wp.com\/www.ananomundo.com.br\/nw\/wp-content\/uploads\/2014\/05\/Foto-24.jpg?w=2625 2625w\" sizes=\"(max-width: 350px) 100vw, 350px\" data-recalc-dims=\"1\" \/><\/a><p id=\"caption-attachment-4302\" class=\"wp-caption-text\">Muottas Muragl<\/p><\/div>\n<p style=\"text-align: justify;\">A cidade tem dois distritos, o <strong>St. Moritz-Bad<\/strong>, onde ficam suas famosas <strong>fontes termai<\/strong>s e <strong>St. Moritz-Dorf<\/strong>, com excelentes <strong>hot\u00e9is e restaurantes, ruas elegantes\u00a0 e com\u00e9rcio sofisticado<\/strong>. Como nosso tempo de perman\u00eancia era muito curto ficamos apenas em St. Moritz-Dorf. Caminhamos um pouco em torno do lago (o vento gelado fez com que a caminhada fosse curta) e pelas ruas pr\u00f3ximas ao hotel. No dia seguinte t\u00ednhamos uma longa viagem pela frente!<\/p>\n<div id=\"attachment_4304\" style=\"width: 360px\" class=\"wp-caption aligncenter\"><a href=\"https:\/\/i0.wp.com\/www.ananomundo.com.br\/nw\/wp-content\/uploads\/2014\/05\/Foto-25.jpg\" class='wp-img-bg-off' rel='mygallery'><img aria-describedby=\"caption-attachment-4304\" data-attachment-id=\"4304\" data-permalink=\"http:\/\/www.ananomundo.com.br\/nw\/um-giro-de-trem-pela-suica-7-st-moritz-por-zenaide-alves\/foto-25\/\" data-orig-file=\"https:\/\/i0.wp.com\/www.ananomundo.com.br\/nw\/wp-content\/uploads\/2014\/05\/Foto-25.jpg?fit=4000%2C2248\" data-orig-size=\"4000,2248\" data-comments-opened=\"1\" data-image-meta=\"{&quot;aperture&quot;:&quot;0&quot;,&quot;credit&quot;:&quot;Picasa&quot;,&quot;camera&quot;:&quot;&quot;,&quot;caption&quot;:&quot;&quot;,&quot;created_timestamp&quot;:&quot;0&quot;,&quot;copyright&quot;:&quot;&quot;,&quot;focal_length&quot;:&quot;0&quot;,&quot;iso&quot;:&quot;0&quot;,&quot;shutter_speed&quot;:&quot;0&quot;,&quot;title&quot;:&quot;&quot;}\" data-image-title=\"Foto 25\" data-image-description=\"\" data-medium-file=\"https:\/\/i0.wp.com\/www.ananomundo.com.br\/nw\/wp-content\/uploads\/2014\/05\/Foto-25.jpg?fit=350%2C196\" data-large-file=\"https:\/\/i0.wp.com\/www.ananomundo.com.br\/nw\/wp-content\/uploads\/2014\/05\/Foto-25.jpg?fit=875%2C491\" loading=\"lazy\" class=\"size-medium wp-image-4304\" src=\"https:\/\/i0.wp.com\/www.ananomundo.com.br\/nw\/wp-content\/uploads\/2014\/05\/Foto-25.jpg?resize=350%2C196\" alt=\"Lago St. Moritz\" width=\"350\" height=\"196\" srcset=\"https:\/\/i0.wp.com\/www.ananomundo.com.br\/nw\/wp-content\/uploads\/2014\/05\/Foto-25.jpg?resize=350%2C196 350w, https:\/\/i0.wp.com\/www.ananomundo.com.br\/nw\/wp-content\/uploads\/2014\/05\/Foto-25.jpg?resize=1024%2C575 1024w, https:\/\/i0.wp.com\/www.ananomundo.com.br\/nw\/wp-content\/uploads\/2014\/05\/Foto-25.jpg?w=1750 1750w, https:\/\/i0.wp.com\/www.ananomundo.com.br\/nw\/wp-content\/uploads\/2014\/05\/Foto-25.jpg?w=2625 2625w\" sizes=\"(max-width: 350px) 100vw, 350px\" data-recalc-dims=\"1\" \/><\/a><p id=\"caption-attachment-4304\" class=\"wp-caption-text\">Lago St. Moritz<\/p><\/div>\n<div id=\"attachment_4305\" style=\"width: 360px\" class=\"wp-caption aligncenter\"><a href=\"https:\/\/i0.wp.com\/www.ananomundo.com.br\/nw\/wp-content\/uploads\/2014\/05\/Foto-26.jpg\" class='wp-img-bg-off' rel='mygallery'><img aria-describedby=\"caption-attachment-4305\" data-attachment-id=\"4305\" data-permalink=\"http:\/\/www.ananomundo.com.br\/nw\/um-giro-de-trem-pela-suica-7-st-moritz-por-zenaide-alves\/foto-26\/\" data-orig-file=\"https:\/\/i0.wp.com\/www.ananomundo.com.br\/nw\/wp-content\/uploads\/2014\/05\/Foto-26.jpg?fit=4000%2C2248\" data-orig-size=\"4000,2248\" data-comments-opened=\"1\" data-image-meta=\"{&quot;aperture&quot;:&quot;0&quot;,&quot;credit&quot;:&quot;Picasa&quot;,&quot;camera&quot;:&quot;&quot;,&quot;caption&quot;:&quot;&quot;,&quot;created_timestamp&quot;:&quot;0&quot;,&quot;copyright&quot;:&quot;&quot;,&quot;focal_length&quot;:&quot;0&quot;,&quot;iso&quot;:&quot;0&quot;,&quot;shutter_speed&quot;:&quot;0&quot;,&quot;title&quot;:&quot;&quot;}\" data-image-title=\"Foto 26\" data-image-description=\"\" data-medium-file=\"https:\/\/i0.wp.com\/www.ananomundo.com.br\/nw\/wp-content\/uploads\/2014\/05\/Foto-26.jpg?fit=350%2C196\" data-large-file=\"https:\/\/i0.wp.com\/www.ananomundo.com.br\/nw\/wp-content\/uploads\/2014\/05\/Foto-26.jpg?fit=875%2C491\" loading=\"lazy\" class=\"size-medium wp-image-4305\" src=\"https:\/\/i0.wp.com\/www.ananomundo.com.br\/nw\/wp-content\/uploads\/2014\/05\/Foto-26.jpg?resize=350%2C196\" alt=\"Rua no Distrito St. Moritz-Dorf\" width=\"350\" height=\"196\" srcset=\"https:\/\/i0.wp.com\/www.ananomundo.com.br\/nw\/wp-content\/uploads\/2014\/05\/Foto-26.jpg?resize=350%2C196 350w, https:\/\/i0.wp.com\/www.ananomundo.com.br\/nw\/wp-content\/uploads\/2014\/05\/Foto-26.jpg?resize=1024%2C575 1024w, https:\/\/i0.wp.com\/www.ananomundo.com.br\/nw\/wp-content\/uploads\/2014\/05\/Foto-26.jpg?w=1750 1750w, https:\/\/i0.wp.com\/www.ananomundo.com.br\/nw\/wp-content\/uploads\/2014\/05\/Foto-26.jpg?w=2625 2625w\" sizes=\"(max-width: 350px) 100vw, 350px\" data-recalc-dims=\"1\" \/><\/a><p id=\"caption-attachment-4305\" class=\"wp-caption-text\">Rua no Distrito St. Moritz-Dorf<\/p><\/div>\n<p><span style=\"color: #0000ff;\"><strong>Bernina Express \u00a0(para Lugano)<\/strong><\/span><\/p>\n<p style=\"text-align: justify;\"><strong>\u00a0<\/strong>Utilizando o transfer gratuito do hotel, chegamos \u00e0 esta\u00e7\u00e3o para embarcar no Bernina Express. A primeira parte do trajeto, que para n\u00f3s come\u00e7ava em St. Moritz, mas que pode come\u00e7ar tamb\u00e9m em Chur ou Davos, e vai at\u00e9 a cidade italiana de Tirano, \u00e9 feita num trem panor\u00e2mico e dura 2 horas e 10 minutos (para quem embarca em St. Moritz). Em Tirano, ap\u00f3s 1 hora de espera, embarcamos num \u00f4nibus com destino a <strong>Lugano<\/strong>, aonde chegamos ap\u00f3s mais 3 horas de viagem. No total um pouco mais de 6 horas!<\/p>\n<p style=\"text-align: justify;\">Como deixamos para marcar nossos assentos na v\u00e9spera da viagem e n\u00e3o fizemos <em>up grade<\/em> para a primeira classe porque achamos que n\u00e3o valeria a pena num percurso de 2 horas e 10 minutos, s\u00f3 conseguimos assentos no corredor, o que dificultava sobremaneira apreciar a paisagem e fotografar. Fizemos poucas fotos e n\u00e3o conseguimos registrar nem mesmo o espetacular viaduto que, numa espiral, faz uma curva de 360 graus e \u00e9 o cart\u00e3o postal da rota do Bernina Express!<\/p>\n<p style=\"text-align: justify;\">Um tanto quanto frustados, chegamos em Tirano e fomos direto para a \u00a0esta\u00e7\u00e3o rodovi\u00e1ria, do outro lado dos trilhos e com acesso por uma passagem subterr\u00e2nea, enquanto que a maioria dos passageiros foi almo\u00e7ar.<\/p>\n<p style=\"text-align: justify;\">A viagem de \u00f4nibus, tamb\u00e9m com bel\u00edssimas paisagens, teve um outro problema: como a estrada, em quase toda a sua extens\u00e3o, era estreita e sinuosa, fiquei tonta e enjoada!\u00a0 A\u00ed dei gra\u00e7as a Deus n\u00e3o ter almo\u00e7ado em Tirano!<\/p>\n<p style=\"text-align: justify;\">Sobre <strong>Lugano<\/strong>, para ver o relato clique <a href=\"http:\/\/www.ananomundo.com.br\/nw\/um-giro-de-trem-pela-suica-8-lugano-por-zenaide-alves\/\">aqui<\/a>.<\/p>\n<h4 style=\"color: #ffffff;\"><span style=\"font-weight: inherit; font-style: inherit; color: #0000ff;\">4) Sobre a entrevistada:\u00a0<\/span><\/h4>\n<p style=\"color: #717171; text-align: justify;\"><span style=\"font-weight: inherit; font-style: inherit;\">Zenaide Alves de Ara\u00fajo, natalense, casada, tr\u00eas filhos e um neto. Engenheira Civil, com mestrado e doutorado em Engenharia Mec\u00e2nica e hoje professora aposentada do Departamento de Engenharia Mec\u00e2nica da UFRN. Adora viajar, fotografar e colecionar canecas dos lugares por onde passa.<\/span><\/p>\n<p style=\"text-align: justify;\">\n<div style=\"display: none;\"\n    class=\"kk-star-ratings kksr-valign-bottom kksr-align-right kksr-disabled\"\n    data-id=\"4271\"\n    data-slug=\"\">\n    <div class=\"kksr-stars\">\n    <div class=\"kksr-stars-inactive\">\n            <div class=\"kksr-star\" data-star=\"1\">\n            <div class=\"kksr-icon\" style=\"width: px; height: px;\"><\/div>\n        <\/div>\n            <div class=\"kksr-star\" data-star=\"2\">\n            <div class=\"kksr-icon\" style=\"width: px; height: px;\"><\/div>\n        <\/div>\n            <div class=\"kksr-star\" data-star=\"3\">\n            <div class=\"kksr-icon\" style=\"width: px; height: px;\"><\/div>\n        <\/div>\n            <div class=\"kksr-star\" data-star=\"4\">\n            <div class=\"kksr-icon\" style=\"width: px; height: px;\"><\/div>\n        <\/div>\n            <div class=\"kksr-star\" data-star=\"5\">\n            <div class=\"kksr-icon\" style=\"width: px; height: px;\"><\/div>\n        <\/div>\n    <\/div>\n    <div class=\"kksr-stars-active\" style=\"width: 0px;\">\n            <div class=\"kksr-star\">\n            <div class=\"kksr-icon\" style=\"width: px; height: px;\"><\/div>\n        <\/div>\n            <div class=\"kksr-star\">\n            <div class=\"kksr-icon\" style=\"width: px; height: px;\"><\/div>\n        <\/div>\n            <div class=\"kksr-star\">\n            <div class=\"kksr-icon\" style=\"width: px; height: px;\"><\/div>\n        <\/div>\n            <div class=\"kksr-star\">\n            <div class=\"kksr-icon\" style=\"width: px; height: px;\"><\/div>\n        <\/div>\n            <div class=\"kksr-star\">\n            <div class=\"kksr-icon\" style=\"width: px; height: px;\"><\/div>\n        <\/div>\n    <\/div>\n<\/div>\n    <div class=\"kksr-legend\">\n            <span class=\"kksr-muted\"><\/span>\n    <\/div>\n<\/div>\n<div class=\"sharedaddy sd-sharing-enabled\"><div class=\"robots-nocontent sd-block sd-social sd-social-icon-text sd-sharing\"><h3 class=\"sd-title\">Compartilhe isso:<\/h3><div class=\"sd-content\"><ul><li class=\"share-facebook\"><a rel=\"nofollow noopener noreferrer\" data-shared=\"sharing-facebook-4271\" class=\"share-facebook sd-button share-icon\" href=\"http:\/\/www.ananomundo.com.br\/nw\/um-giro-de-trem-pela-suica-7-st-moritz-por-zenaide-alves\/?share=facebook\" target=\"_blank\" title=\"Clique para compartilhar no Facebook\"><span>Facebook<\/span><\/a><\/li><li class=\"share-twitter\"><a rel=\"nofollow noopener noreferrer\" data-shared=\"sharing-twitter-4271\" class=\"share-twitter sd-button share-icon\" href=\"http:\/\/www.ananomundo.com.br\/nw\/um-giro-de-trem-pela-suica-7-st-moritz-por-zenaide-alves\/?share=twitter\" target=\"_blank\" title=\"Clique para compartilhar no Twitter\"><span>Twitter<\/span><\/a><\/li><li class=\"share-email\"><a rel=\"nofollow noopener noreferrer\" data-shared=\"\" class=\"share-email sd-button share-icon\" href=\"http:\/\/www.ananomundo.com.br\/nw\/um-giro-de-trem-pela-suica-7-st-moritz-por-zenaide-alves\/?share=email\" target=\"_blank\" title=\"Clique para enviar por e-mail a um amigo\"><span>E-mail<\/span><\/a><\/li><li class=\"share-print\"><a rel=\"nofollow noopener noreferrer\" data-shared=\"\" class=\"share-print sd-button share-icon\" href=\"http:\/\/www.ananomundo.com.br\/nw\/um-giro-de-trem-pela-suica-7-st-moritz-por-zenaide-alves\/\" target=\"_blank\" title=\"Clique para imprimir\"><span>Imprimir<\/span><\/a><\/li><li class=\"share-end\"><\/li><\/ul><\/div><\/div><\/div>","protected":false},"excerpt":{"rendered":"<p>1) Um Destino: SU\u00cd\u00c7A\u00a0(de trem) Zurique, Lucerna, Berna,\u00a0Interlaken, Genebra, Zermatt,\u00a0St. Moritz e Lugano. 2) A hist\u00f3ria da Viagem A hist\u00f3ria do come\u00e7o dessa viagem foi contada desde o primeiro post referente a esse &#8220;giro de trem pela Su\u00ed\u00e7a&#8221;. Sobre as cidades anteriores do roteiro voc\u00ea pode ver clicando em\u00a0Zurique, Lucerna, Berna,\u00a0Interlaken,\u00a0Genebra e Zermatt. Agora \u00e9 [&hellip;]<\/p>\n<div class=\"sharedaddy sd-sharing-enabled\"><div class=\"robots-nocontent sd-block sd-social sd-social-icon-text sd-sharing\"><h3 class=\"sd-title\">Compartilhe isso:<\/h3><div class=\"sd-content\"><ul><li class=\"share-facebook\"><a rel=\"nofollow noopener noreferrer\" data-shared=\"sharing-facebook-4271\" class=\"share-facebook sd-button share-icon\" href=\"http:\/\/www.ananomundo.com.br\/nw\/um-giro-de-trem-pela-suica-7-st-moritz-por-zenaide-alves\/?share=facebook\" target=\"_blank\" title=\"Clique para compartilhar no Facebook\"><span>Facebook<\/span><\/a><\/li><li class=\"share-twitter\"><a rel=\"nofollow noopener noreferrer\" data-shared=\"sharing-twitter-4271\" class=\"share-twitter sd-button share-icon\" href=\"http:\/\/www.ananomundo.com.br\/nw\/um-giro-de-trem-pela-suica-7-st-moritz-por-zenaide-alves\/?share=twitter\" target=\"_blank\" title=\"Clique para compartilhar no Twitter\"><span>Twitter<\/span><\/a><\/li><li class=\"share-email\"><a rel=\"nofollow noopener noreferrer\" data-shared=\"\" class=\"share-email sd-button share-icon\" href=\"http:\/\/www.ananomundo.com.br\/nw\/um-giro-de-trem-pela-suica-7-st-moritz-por-zenaide-alves\/?share=email\" target=\"_blank\" title=\"Clique para enviar por e-mail a um amigo\"><span>E-mail<\/span><\/a><\/li><li class=\"share-print\"><a rel=\"nofollow noopener noreferrer\" data-shared=\"\" class=\"share-print sd-button share-icon\" href=\"http:\/\/www.ananomundo.com.br\/nw\/um-giro-de-trem-pela-suica-7-st-moritz-por-zenaide-alves\/\" target=\"_blank\" title=\"Clique para imprimir\"><span>Imprimir<\/span><\/a><\/li><li class=\"share-end\"><\/li><\/ul><\/div><\/div><\/div>","protected":false},"author":2,"featured_media":4305,"comment_status":"open","ping_status":"closed","sticky":false,"template":"","format":"standard","meta":{"spay_email":"","jetpack_publicize_message":""},"categories":[151,150,108],"tags":[93,417,82,75],"jetpack_featured_media_url":"https:\/\/i0.wp.com\/www.ananomundo.com.br\/nw\/wp-content\/uploads\/2014\/05\/Foto-26.jpg?fit=4000%2C2248","jetpack_publicize_connections":[],"jetpack_sharing_enabled":true,"jetpack_shortlink":"https:\/\/wp.me\/p95hZM-16T","jetpack-related-posts":[],"jetpack_likes_enabled":true,"_links":{"self":[{"href":"http:\/\/www.ananomundo.com.br\/nw\/wp-json\/wp\/v2\/posts\/4271"}],"collection":[{"href":"http:\/\/www.ananomundo.com.br\/nw\/wp-json\/wp\/v2\/posts"}],"about":[{"href":"http:\/\/www.ananomundo.com.br\/nw\/wp-json\/wp\/v2\/types\/post"}],"author":[{"embeddable":true,"href":"http:\/\/www.ananomundo.com.br\/nw\/wp-json\/wp\/v2\/users\/2"}],"replies":[{"embeddable":true,"href":"http:\/\/www.ananomundo.com.br\/nw\/wp-json\/wp\/v2\/comments?post=4271"}],"version-history":[{"count":10,"href":"http:\/\/www.ananomundo.com.br\/nw\/wp-json\/wp\/v2\/posts\/4271\/revisions"}],"predecessor-version":[{"id":5045,"href":"http:\/\/www.ananomundo.com.br\/nw\/wp-json\/wp\/v2\/posts\/4271\/revisions\/5045"}],"wp:featuredmedia":[{"embeddable":true,"href":"http:\/\/www.ananomundo.com.br\/nw\/wp-json\/wp\/v2\/media\/4305"}],"wp:attachment":[{"href":"http:\/\/www.ananomundo.com.br\/nw\/wp-json\/wp\/v2\/media?parent=4271"}],"wp:term":[{"taxonomy":"category","embeddable":true,"href":"http:\/\/www.ananomundo.com.br\/nw\/wp-json\/wp\/v2\/categories?post=4271"},{"taxonomy":"post_tag","embeddable":true,"href":"http:\/\/www.ananomundo.com.br\/nw\/wp-json\/wp\/v2\/tags?post=4271"}],"curies":[{"name":"wp","href":"https:\/\/api.w.org\/{rel}","templated":true}]}}