

{"id":4686,"date":"2014-07-24T12:46:47","date_gmt":"2014-07-24T12:46:47","guid":{"rendered":"http:\/\/www.ananomundo.com.br\/nw\/?p=4686"},"modified":"2014-07-24T14:46:36","modified_gmt":"2014-07-24T14:46:36","slug":"entrevista-ananomundo-na-abbv","status":"publish","type":"post","link":"http:\/\/www.ananomundo.com.br\/nw\/entrevista-ananomundo-na-abbv\/","title":{"rendered":"Entrevista ananomundo na ABBV"},"content":{"rendered":"<p style=\"text-align: justify;\"><a href=\"https:\/\/i0.wp.com\/www.ananomundo.com.br\/nw\/wp-content\/uploads\/2014\/07\/logo-abbv.png\" class='wp-img-bg-off' rel='mygallery'><img data-attachment-id=\"4935\" data-permalink=\"http:\/\/www.ananomundo.com.br\/nw\/entrevista-ananomundo-na-abbv\/logo-abbv\/\" data-orig-file=\"https:\/\/i0.wp.com\/www.ananomundo.com.br\/nw\/wp-content\/uploads\/2014\/07\/logo-abbv.png?fit=396%2C123\" data-orig-size=\"396,123\" data-comments-opened=\"1\" data-image-meta=\"{&quot;aperture&quot;:&quot;0&quot;,&quot;credit&quot;:&quot;&quot;,&quot;camera&quot;:&quot;&quot;,&quot;caption&quot;:&quot;&quot;,&quot;created_timestamp&quot;:&quot;0&quot;,&quot;copyright&quot;:&quot;&quot;,&quot;focal_length&quot;:&quot;0&quot;,&quot;iso&quot;:&quot;0&quot;,&quot;shutter_speed&quot;:&quot;0&quot;,&quot;title&quot;:&quot;&quot;}\" data-image-title=\"logo-abbv\" data-image-description=\"\" data-medium-file=\"https:\/\/i0.wp.com\/www.ananomundo.com.br\/nw\/wp-content\/uploads\/2014\/07\/logo-abbv.png?fit=350%2C108\" data-large-file=\"https:\/\/i0.wp.com\/www.ananomundo.com.br\/nw\/wp-content\/uploads\/2014\/07\/logo-abbv.png?fit=396%2C123\" loading=\"lazy\" class=\"alignleft wp-image-4935\" src=\"https:\/\/i0.wp.com\/www.ananomundo.com.br\/nw\/wp-content\/uploads\/2014\/07\/logo-abbv.png?resize=200%2C62\" alt=\"logo-abbv\" width=\"200\" height=\"62\" srcset=\"https:\/\/i0.wp.com\/www.ananomundo.com.br\/nw\/wp-content\/uploads\/2014\/07\/logo-abbv.png?resize=350%2C108 350w, https:\/\/i0.wp.com\/www.ananomundo.com.br\/nw\/wp-content\/uploads\/2014\/07\/logo-abbv.png?w=396 396w\" sizes=\"(max-width: 200px) 100vw, 200px\" data-recalc-dims=\"1\" \/><\/a>A ABBV (Associa\u00e7\u00e3o Brasileira de Blogs de Viagens) faz entrevistas com seus associados &#8220;blogueiros&#8221;. \u00a0A minha voc\u00ea pode ver\u00a0<a href=\"http:\/\/abbv.net.br\/2014\/04\/entrevista-da-semana-ana-no-mundo\/\">aqui\u00a0<\/a>\u00a0 By the way vou reproduzir a entrevista a seguir!\u00a0<img title=\"Read More...\" src=\"data:image\/gif;base64,R0lGODlhAQABAIAAAAAAAP\/\/\/yH5BAEAAAAALAAAAAABAAEAAAIBRAA7\" alt=\"\" data-wp-more=\"\" data-mce-resize=\"false\" data-mce-placeholder=\"1\" \/><!--more--><\/p>\n<article>\n<h4><span style=\"color: #0000ff;\">A Entrevista<\/span><\/h4>\n<div style=\"width: 561px\" class=\"wp-caption aligncenter\"><img loading=\"lazy\" src=\"https:\/\/i0.wp.com\/abbv.net.br\/wp-content\/uploads\/2014\/04\/IMG_47724-551x413.jpg?resize=551%2C413\" alt=\"IMG_4772\" width=\"551\" height=\"413\" data-recalc-dims=\"1\" \/><p class=\"wp-caption-text\">Em San Francisco\/EUA<\/p><\/div>\n<p>Queremos que voc\u00ea descubra um pouco mais da hist\u00f3ria de cada um dos associados da ABBV e viaje melhor com as dicas bacanas que todos t\u00eam para oferecer! Na entrevista dessa semana voc\u00ea vai conhecer a blogueira Ana C\u00e9lia Cavalcanti do Blog\u00a0<a href=\"http:\/\/www.ananomundo.com.br\/nw\/\" target=\"_blank\">Ana no Mundo<\/a>.\u00a0<a href=\"http:\/\/www.descortinandohorizontes.com\/\" target=\"_blank\"><br \/>\n<\/a><\/p>\n<p><strong><span style=\"color: #0000ff;\">1. O que levou voc\u00ea a escrever um blog de viagens? E porque escolheu este nome?<\/span><\/strong><\/p>\n<\/article>\n<p style=\"text-align: justify;\">Bom, pra come\u00e7ar a conversa, viajar, escrever e pesquisar \u00e9 um trip\u00e9 que sempre fez parte de minha vida. Como?<\/p>\n<p style=\"text-align: justify;\"><strong>Viajar <\/strong>\u2013 Nesse quesito, tive muita sorte. Desde crian\u00e7a viajava muito com meus pais. J\u00e1 adulta, \u201ccarregava\u201d meus filhos comigo. Cultura passada de pais a filhos. A universidade tamb\u00e9m me proporcionou viagens para congressos e cursos. Viajava a lazer e a trabalho\u2026 Fiz meu doutorado em Madrid, e na Europa as viagens se aceleraram.<\/p>\n<p style=\"text-align: justify;\"><strong>Escrever<\/strong> \u2013 Sempre quis escrever sobre as viagens, mas s\u00f3 escrevia \u201cna mente\u201d, durante o percurso do trabalho para casa (ou vice-versa) e at\u00e9 durante o banho (em vez de cantar \u201cescrevia\u201d, hehehe)\u2026 Conversava com amigos e comigo mesma\u2026 Escrevia sim, mas eram artigos t\u00e9cnicos e cient\u00edficos (fui professora e pesquisadora da Universidade Federal do RN por mais de trinta anos). Adorava pesquisar e escrever sobre os resultados, mas tamb\u00e9m queria registrar assuntos diferentes e mais informais. Meus primeiros passos na \u201cescrita\u201d de viagens aconteceram atrav\u00e9s de e-mails para a fam\u00edlia e amigos. Em 2009, ao me aposentar e ap\u00f3s uma viagem pelo Caminho de Santiago, criei um blog (o qual relancei em 2013 com uma nova \u201ccara\u201d e novo endere\u00e7o). Depois, escrevi um livro sobre o Caminho de Santiago e mais outro sobre minhas vivencias pela Big Apple. E, vou seguindo por esse caminho\u2026<\/p>\n<p style=\"text-align: justify;\"><strong>Pesquisar <\/strong>\u2013 Atualmente continuo minhas pesquisas (que j\u00e1 fazia na \u00e1rea acad\u00eamica), e agora para subsidiar viagens. Minha experi\u00eancia com a pesquisa cientifica facilitou muito pesquisar sobre viagens.<\/p>\n<p style=\"text-align: justify;\"><strong>Nome do Blog <\/strong>\u2013 Um dos meus filhos sugeriu o nome \u201cananomundo\u201d. Ele sabia que viajar pelo mundo me fazia feliz\u2026<\/p>\n<p style=\"text-align: justify;\"><span style=\"color: #0000ff;\"><strong>2. Qual \u00e9 o seu perfil como viajante, o que voc\u00ea busca quando pega a estrada?<\/strong><\/span><\/p>\n<p style=\"text-align: justify;\">Gosto de quase tudo. De aventura, de luxo, do r\u00fastico, do simples, de viagens \u201cnormais\u201d\u2026 Procuro ir al\u00e9m de conhecer os pontos tur\u00edsticos, buscando conhecer o \u201cmodus vivendi\u201d local e tentar vivenciar isso na pr\u00e1tica. Quando posso, fico mais tempo curtindo um s\u00f3 lugar!<\/p>\n<p style=\"text-align: justify;\"><strong><span style=\"color: #0000ff;\">3. Destaque tr\u00eas posts de que voc\u00ea mais gosta e conte-nos o porqu\u00ea.<\/span><\/strong><\/p>\n<p style=\"text-align: justify;\">Dif\u00edcil escolher\u2026 Gosto de cada um, por motivos diversos. Mas posso dizer que gosto muito dos meus posts de aventura porque me sinto mais viva cada vez que volto a ler os mesmos. Por exemplo:<\/p>\n<p style=\"text-align: justify;\">\u2022\u00a0<a href=\"http:\/\/www.ananomundo.com.br\/nw\/caminho-de-santiago-por-navarra-de-st-jean-pied-de-port-a-roncesvalles\/\" target=\"_blank\">O Caminho de Santiago a p\u00e9<\/a>\u00a0\u2013 Sempre quis fazer o Caminho, mas faltava \u201cdecis\u00e3o\u201d. Em finais de 2008, estava em Madrid quando uma amiga me mostrou fotos do trecho que ela havia feito. Minha primeira motiva\u00e7\u00e3o foi simplesmente fazer uma viagem diferente. As demais foram aparecendo ao longo do tempo do planejamento, como curtir a gastronomia e tentar melhorar meu lado religioso. Gostei tanto que j\u00e1 fui duas vezes (dois trechos diferentes:\u00a0<a href=\"http:\/\/www.ananomundo.com.br\/nw\/category\/viagens\/europa-viagens\/espanha\/caminho-de-santiago-pela-galicia\/\" target=\"_blank\">pela Gal\u00edcia em 2009<\/a>\u00a0e\u00a0<a href=\"http:\/\/www.ananomundo.com.br\/nw\/category\/viagens\/europa-viagens\/espanha\/caminho-de-santiago-por-navarra\/\" target=\"_blank\">pela regi\u00e3o de Navarra em 2013<\/a>).<\/p>\n<p style=\"text-align: justify;\">\u2022\u00a0<a href=\"http:\/\/www.ananomundo.com.br\/nw\/canal-du-midi-by-bike-de-vias-a-sete-o-6o-dia\/\" target=\"_blank\">O Canal de Midi by Bike<\/a>\u00a0\u2013 Em meados de 2006, li sobre o Canal de Midi no sul da Fran\u00e7a. Num primeiro momento pensei em fazer o Canal de barco, como recomendava a reportagem. Fiquei apaixonada pelas fotos e todo ano \u201csonhava\u201d em fazer a tal viagem. Ap\u00f3s o Caminho de Santiago j\u00e1 estava pensando em fazer outra viagem de \u201caventura\u201d e elegemos o Canal de Midi. Como tenho a mania de planejar as viagens, vi que, al\u00e9m de barcos, as bicicletas eram outro meio escolhido pra cruzar o sul da Fran\u00e7a, beirando esse canal. Ent\u00e3o, dessa vez fomos de bike, at\u00e9 porque, a essas alturas, a bike j\u00e1 fazia tamb\u00e9m parte da minha vida!<\/p>\n<p style=\"text-align: justify;\">\u2022 E, tamb\u00e9m acho legal\u00a0<a href=\"http:\/\/www.ananomundo.com.br\/nw\/category\/roteiros-tematicos\/de-trem\/orient-express\/\" target=\"_blank\">os posts sobre uma viagem que fiz no famoso e lend\u00e1rio trem Orient-Express<\/a>\u00a0(Oriente Express: A Viagem dos Sonhos) e que sempre quis fazer. L\u00e1 pelos meus treze ou catorze anos li o livro \u201cAssassinato no Expresso Oriente\u201d de Agatha Christie. Ali\u00e1s, naquela \u00e9poca, acho que li todos os livros de Agatha. O caso \u00e9 que, depois que li o tal livro fiquei querendo viajar no trem. Assassinatos \u00e0 parte, eu me fixei no trem. E, por anos a fio me imaginava viajando nele. Sabia que era uma viagem cara, mas como sou teimosa nunca desisti do tal sonho. Como dizem que \u201ca ocasi\u00e3o faz o ladr\u00e3o\u201d, no meu caso \u201ca ocasi\u00e3o me levou \u00e0 decis\u00e3o\u201d, realizando minha fantasia: Um \u201cimportante\u201d anivers\u00e1rio de meu marido acionou o plano, e l\u00e1 fomos n\u00f3s!<\/p>\n<div style=\"width: 561px\" class=\"wp-caption aligncenter\"><img loading=\"lazy\" src=\"https:\/\/i0.wp.com\/abbv.net.br\/wp-content\/uploads\/2014\/04\/Canal-du-Midi-1-641-551x413.jpg?resize=551%2C413\" alt=\"Canal du Midi 1 641\" width=\"551\" height=\"413\" data-recalc-dims=\"1\" \/><p class=\"wp-caption-text\">De bike pelo Canal du Midi na Fran\u00e7a<\/p><\/div>\n<p style=\"text-align: justify;\"><strong><span style=\"color: #0000ff;\">4. Qual dos destinos j\u00e1 publicados no blog virou campe\u00e3o de audi\u00eancia?<\/span><\/strong><\/p>\n<p style=\"text-align: justify;\">Nem sei se tenho essa audi\u00eancia toda (risos). Acho que n\u00e3o tenho um campe\u00e3o, mas alguns destinos cl\u00e1ssicos como\u00a0<a href=\"http:\/\/www.ananomundo.com.br\/nw\/category\/viagens\/europa-viagens\/franca-europa-viagens\/paris-europa-viagens\/\" target=\"_blank\">Paris\u00a0<\/a>e outros de aventura como o Caminho de Santiago (a p\u00e9) e o Canal de Midi (de bike) na Fran\u00e7a t\u00eam mais \u201ccurtidas\u201d, coment\u00e1rios e\/ou solicita\u00e7\u00f5es de mais explica\u00e7\u00f5es. Talvez, os destinos preferidos sejam aqueles demonstrados pela frequ\u00eancia de e-mails (ou mensagens) e, especialmente, quando as viagens s\u00e3o realmente concretizadas. O post \u201c<a href=\"http:\/\/www.ananomundo.com.br\/nw\/paris-sempre-e-bom-voltar-5\/\" target=\"_blank\">Paris: Sempre \u00e9 bom voltar<\/a>\u201d, \u00e9 um dos exemplos.<\/p>\n<p style=\"text-align: justify;\"><span style=\"color: #0000ff;\"><strong>5. Na sua opini\u00e3o, qual \u00e9 o grande diferencial do seu blog?<\/strong><\/span><\/p>\n<p style=\"text-align: justify;\">Bom, eu descrevo tudo de maneira informal (e acho que tamb\u00e9m divertida). N\u00e3o sei se isso \u00e9 um diferencial, pois muitos outros blogs tem essa informalidade na escrita. Mas, foi como comecei, como me vi escrevendo sem sequer ter planejado isso. \u00c9 a forma que gosto de relatar, conversando comigo mesma e com os outros, sentindo as emo\u00e7\u00f5es da viagem, \u201cviajando\u201d novamente.<\/p>\n<p style=\"text-align: justify;\">Tamb\u00e9m tentei tamb\u00e9m dar ao blog um formato de \u201csite\u201d para que os relatos pudessem ser acessados em qualquer tempo, independente de ter sido escrito \u201cantes ou agora\u201d. Considero que sempre ter\u00e3o car\u00e1ter de uma leitura atemporal para o divertimento do leitor. J\u00e1 as dicas, que devem ser atualizadas, est\u00e3o \u201cao lado\u201d dos relatos. A se\u00e7\u00e3o \u201cVoc\u00ea no Mundo\u201d traz hist\u00f3rias de outros viajantes, que tamb\u00e9m me estimulam a viajar para outras paragens.<\/p>\n<p style=\"text-align: justify;\"><span style=\"color: #0000ff;\"><strong>6. Quando escreve um post voc\u00ea se preocupa com o leitor, com a audi\u00eancia, com o Google ou fica focado no simples prazer de relatar e compartilhar?<\/strong><\/span><\/p>\n<p style=\"text-align: justify;\">Eu tenho prazer em relatar. Penso no leitor, claro. Mas, escrevo tamb\u00e9m para mim e o fa\u00e7o sempre com a alma. Quando isso n\u00e3o acontece o relato fica frio, ent\u00e3o espero \u201cmeu tempo\u201d.<\/p>\n<p style=\"text-align: justify;\"><strong><span style=\"color: #0000ff;\">7. Como voc\u00ea cultiva sua comunidade de leitores, qual \u00e9 sua rela\u00e7\u00e3o com eles?<\/span><\/strong><\/p>\n<p style=\"text-align: justify;\">Bom, tento sempre \u201cconversar\u201d pela fanpage. Mas, principalmente respondo a cada pessoa que tem uma d\u00favida ou que quer dicas, seja \u201cin box\u201d do face ou atrav\u00e9s de e-mail. Nunca \u00e9 uma resposta autom\u00e1tica, eu tenho realmente prazer em responder e gosto de ajudar pesquisando todas as poss\u00edveis alternativas. Viro quase uma companheira na \u201cviagem\u201d da viagem.<\/p>\n<p style=\"text-align: justify;\"><strong><span style=\"color: #0000ff;\">8. Por que voc\u00ea resolveu se associar \u00e0 ABBV?<\/span><\/strong><\/p>\n<p style=\"text-align: justify;\">Achei que seria legal compartilhar minhas experi\u00eancias e principalmente ter mais acessos a outras experi\u00eancias. Estou sempre buscando novidades! Al\u00e9m disso, compartilhar d\u00favidas, obter respostas e \u201cficar por dentro\u201d das quest\u00f5es \u00e9ticas sobre blogs de viagens, \u00e9 uma grande vantagem! E, claro, acho que valoriza o blog!<\/p>\n<p style=\"text-align: justify;\"><strong><span style=\"color: #0000ff;\">9. Conte um mico ou perrengue de viagem?<\/span><\/strong><\/p>\n<p style=\"text-align: justify;\">Bom, acho que tenho alguns, mas n\u00e3o sei se s\u00e3o \u201cpublic\u00e1veis\u201d (risos). Entretanto, na minha viagem de bike pelo sul da Fran\u00e7a tem dois que posso contar:<\/p>\n<p style=\"text-align: justify;\"><strong>1)<\/strong> Levamos nossas bikes desmontadas, e quando fomos montar a minha, algo n\u00e3o se encaixava. Simples, veio quebrado um pedacinho de \u201cn\u00e3o sei o qu\u00ea\u201d e o resultado \u00e9 que passamos o dia numa \u201cvia crucis\u201d, de oficina em oficina procurando a tal pe\u00e7a. E isso, empurrando a bicicleta pelas ruas de Toulouse. Boa forma de conhecer a cidade e de fazer exerc\u00edcio f\u00edsico (\u00e0 for\u00e7a, claro!).<\/p>\n<p style=\"text-align: justify;\"><strong>2)<\/strong> Eu ia l\u00e1 pedalando a beira do canal, e feliz da vida ia pensando: \u201cque f\u00e1cil que \u00e9 pedalar aqui!\u201d. Ao descer uma pequena \u201crampa\u201d de cascalhos, cruzando em zigue-zague uma esp\u00e9cie de porteira, a bike saiu do meu controle e me jogou em cima de uma enorme raiz de platane, e \u201cpuft\u201d, ca\u00ed! Que droga! Excesso de confian\u00e7a d\u00e1 nisso! Como consolo, a primeira queda foi na Fran\u00e7a. Chique, n\u00e9?<\/p>\n<p style=\"text-align: justify;\"><strong>3)<\/strong> E tenho outro engra\u00e7ado que aconteceu no trem \u201cOrient-Express\u201d (era pra contar s\u00f3 um, n\u2019era?)\u2026 Almo\u00e7ando no trem, tentamos dar uma de espertos e comer apenas um pouco de uma das entradas (no jantar do dia anterior vimos que a comida era muita: v\u00e1rias entradas, prato principal, sobremesas\u2026). Bom, e o que aconteceu? O chef veio at\u00e9 nossa mesa, achando que n\u00e3o gostamos do tal prato e se ofereceu para preparar outra entrada diferente. E por mais que explic\u00e1ssemos que n\u00e3o era nada disso, de nada adiantou porque ele nos preparou outra entrada. Pois \u00e9, a\u00ed tivemos que comer mais! Grande esperteza, a nossa, para n\u00e3o dizer o contr\u00e1rio!<\/p>\n<p style=\"text-align: justify;\"><strong><span style=\"color: #0000ff;\">10. Qual sua meta 2014 para o blog?<\/span><\/strong><\/p>\n<p style=\"text-align: justify;\">Continuar escrevendo sobre minhas viagens, entrevistar outras pessoas sobre viagens que ainda n\u00e3o fiz, e contar algumas \u201cnews\u201d que acontecem pelo mundo afora. Al\u00e9m disso, tentar colocar em dia o relato de algumas viagens que est\u00e3o pendentes (\u00f4ps).<\/p>\n<div style=\"width: 561px\" class=\"wp-caption aligncenter\"><img loading=\"lazy\" src=\"https:\/\/i1.wp.com\/abbv.net.br\/wp-content\/uploads\/2014\/04\/DSC5796-551x366.jpg?resize=551%2C366\" alt=\"_DSC5796\" width=\"551\" height=\"366\" data-recalc-dims=\"1\" \/><p class=\"wp-caption-text\">Np trem Orient-Express<\/p><\/div>\n<div style=\"text-align: justify;\">Voc\u00ea acabou de conhecer a Engenheira Ana C\u00e9lia Cavalcanti do Blog\u00a0<a href=\"http:\/\/www.ananomundo.com.br\/nw\/\" target=\"_blank\">Ana no Mundo<\/a>.<\/div>\n<div style=\"text-align: justify;\"><\/div>\n<div style=\"text-align: justify;\">\n<div>Favorite j\u00e1\u00a0|\u00a0<a href=\"http:\/\/www.ananomundo.com.br\/nw\/\" target=\"_blank\">Ana no Mundo<\/a><\/div>\n<div><\/div>\n<\/div>\n<p style=\"text-align: justify;\">\n<div style=\"display: none;\"\n    class=\"kk-star-ratings kksr-valign-bottom kksr-align-right kksr-disabled\"\n    data-id=\"4686\"\n    data-slug=\"\">\n    <div class=\"kksr-stars\">\n    <div class=\"kksr-stars-inactive\">\n            <div class=\"kksr-star\" data-star=\"1\">\n            <div class=\"kksr-icon\" style=\"width: px; height: px;\"><\/div>\n        <\/div>\n            <div class=\"kksr-star\" data-star=\"2\">\n            <div class=\"kksr-icon\" style=\"width: px; height: px;\"><\/div>\n        <\/div>\n            <div class=\"kksr-star\" data-star=\"3\">\n            <div class=\"kksr-icon\" style=\"width: px; height: px;\"><\/div>\n        <\/div>\n            <div class=\"kksr-star\" data-star=\"4\">\n            <div class=\"kksr-icon\" style=\"width: px; height: px;\"><\/div>\n        <\/div>\n            <div class=\"kksr-star\" data-star=\"5\">\n            <div class=\"kksr-icon\" style=\"width: px; height: px;\"><\/div>\n        <\/div>\n    <\/div>\n    <div class=\"kksr-stars-active\" style=\"width: 0px;\">\n            <div class=\"kksr-star\">\n            <div class=\"kksr-icon\" style=\"width: px; height: px;\"><\/div>\n        <\/div>\n            <div class=\"kksr-star\">\n            <div class=\"kksr-icon\" style=\"width: px; height: px;\"><\/div>\n        <\/div>\n            <div class=\"kksr-star\">\n            <div class=\"kksr-icon\" style=\"width: px; height: px;\"><\/div>\n        <\/div>\n            <div class=\"kksr-star\">\n            <div class=\"kksr-icon\" style=\"width: px; height: px;\"><\/div>\n        <\/div>\n            <div class=\"kksr-star\">\n            <div class=\"kksr-icon\" style=\"width: px; height: px;\"><\/div>\n        <\/div>\n    <\/div>\n<\/div>\n    <div class=\"kksr-legend\">\n            <span class=\"kksr-muted\"><\/span>\n    <\/div>\n<\/div>\n<div class=\"sharedaddy sd-sharing-enabled\"><div class=\"robots-nocontent sd-block sd-social sd-social-icon-text sd-sharing\"><h3 class=\"sd-title\">Compartilhe isso:<\/h3><div class=\"sd-content\"><ul><li class=\"share-facebook\"><a rel=\"nofollow noopener noreferrer\" data-shared=\"sharing-facebook-4686\" class=\"share-facebook sd-button share-icon\" href=\"http:\/\/www.ananomundo.com.br\/nw\/entrevista-ananomundo-na-abbv\/?share=facebook\" target=\"_blank\" title=\"Clique para compartilhar no Facebook\"><span>Facebook<\/span><\/a><\/li><li class=\"share-twitter\"><a rel=\"nofollow noopener noreferrer\" data-shared=\"sharing-twitter-4686\" class=\"share-twitter sd-button share-icon\" href=\"http:\/\/www.ananomundo.com.br\/nw\/entrevista-ananomundo-na-abbv\/?share=twitter\" target=\"_blank\" title=\"Clique para compartilhar no Twitter\"><span>Twitter<\/span><\/a><\/li><li class=\"share-email\"><a rel=\"nofollow noopener noreferrer\" data-shared=\"\" class=\"share-email sd-button share-icon\" href=\"http:\/\/www.ananomundo.com.br\/nw\/entrevista-ananomundo-na-abbv\/?share=email\" target=\"_blank\" title=\"Clique para enviar por e-mail a um amigo\"><span>E-mail<\/span><\/a><\/li><li class=\"share-print\"><a rel=\"nofollow noopener noreferrer\" data-shared=\"\" class=\"share-print sd-button share-icon\" href=\"http:\/\/www.ananomundo.com.br\/nw\/entrevista-ananomundo-na-abbv\/\" target=\"_blank\" title=\"Clique para imprimir\"><span>Imprimir<\/span><\/a><\/li><li class=\"share-end\"><\/li><\/ul><\/div><\/div><\/div>","protected":false},"excerpt":{"rendered":"<p>A ABBV (Associa\u00e7\u00e3o Brasileira de Blogs de Viagens) faz entrevistas com seus associados &#8220;blogueiros&#8221;. \u00a0A minha voc\u00ea pode ver\u00a0aqui\u00a0\u00a0 By the way vou reproduzir a entrevista a seguir!\u00a0<\/p>\n<div class=\"sharedaddy sd-sharing-enabled\"><div class=\"robots-nocontent sd-block sd-social sd-social-icon-text sd-sharing\"><h3 class=\"sd-title\">Compartilhe isso:<\/h3><div class=\"sd-content\"><ul><li class=\"share-facebook\"><a rel=\"nofollow noopener noreferrer\" data-shared=\"sharing-facebook-4686\" class=\"share-facebook sd-button share-icon\" href=\"http:\/\/www.ananomundo.com.br\/nw\/entrevista-ananomundo-na-abbv\/?share=facebook\" target=\"_blank\" title=\"Clique para compartilhar no Facebook\"><span>Facebook<\/span><\/a><\/li><li class=\"share-twitter\"><a rel=\"nofollow noopener noreferrer\" data-shared=\"sharing-twitter-4686\" class=\"share-twitter sd-button share-icon\" href=\"http:\/\/www.ananomundo.com.br\/nw\/entrevista-ananomundo-na-abbv\/?share=twitter\" target=\"_blank\" title=\"Clique para compartilhar no Twitter\"><span>Twitter<\/span><\/a><\/li><li class=\"share-email\"><a rel=\"nofollow noopener noreferrer\" data-shared=\"\" class=\"share-email sd-button share-icon\" href=\"http:\/\/www.ananomundo.com.br\/nw\/entrevista-ananomundo-na-abbv\/?share=email\" target=\"_blank\" title=\"Clique para enviar por e-mail a um amigo\"><span>E-mail<\/span><\/a><\/li><li class=\"share-print\"><a rel=\"nofollow noopener noreferrer\" data-shared=\"\" class=\"share-print sd-button share-icon\" href=\"http:\/\/www.ananomundo.com.br\/nw\/entrevista-ananomundo-na-abbv\/\" target=\"_blank\" title=\"Clique para imprimir\"><span>Imprimir<\/span><\/a><\/li><li class=\"share-end\"><\/li><\/ul><\/div><\/div><\/div>","protected":false},"author":2,"featured_media":4935,"comment_status":"open","ping_status":"closed","sticky":false,"template":"","format":"standard","meta":{"spay_email":"","jetpack_publicize_message":""},"categories":[145,269],"tags":[93,279],"jetpack_featured_media_url":"https:\/\/i0.wp.com\/www.ananomundo.com.br\/nw\/wp-content\/uploads\/2014\/07\/logo-abbv.png?fit=396%2C123","jetpack_publicize_connections":[],"jetpack_sharing_enabled":true,"jetpack_shortlink":"https:\/\/wp.me\/p95hZM-1dA","jetpack-related-posts":[],"jetpack_likes_enabled":true,"_links":{"self":[{"href":"http:\/\/www.ananomundo.com.br\/nw\/wp-json\/wp\/v2\/posts\/4686"}],"collection":[{"href":"http:\/\/www.ananomundo.com.br\/nw\/wp-json\/wp\/v2\/posts"}],"about":[{"href":"http:\/\/www.ananomundo.com.br\/nw\/wp-json\/wp\/v2\/types\/post"}],"author":[{"embeddable":true,"href":"http:\/\/www.ananomundo.com.br\/nw\/wp-json\/wp\/v2\/users\/2"}],"replies":[{"embeddable":true,"href":"http:\/\/www.ananomundo.com.br\/nw\/wp-json\/wp\/v2\/comments?post=4686"}],"version-history":[{"count":6,"href":"http:\/\/www.ananomundo.com.br\/nw\/wp-json\/wp\/v2\/posts\/4686\/revisions"}],"predecessor-version":[{"id":4940,"href":"http:\/\/www.ananomundo.com.br\/nw\/wp-json\/wp\/v2\/posts\/4686\/revisions\/4940"}],"wp:featuredmedia":[{"embeddable":true,"href":"http:\/\/www.ananomundo.com.br\/nw\/wp-json\/wp\/v2\/media\/4935"}],"wp:attachment":[{"href":"http:\/\/www.ananomundo.com.br\/nw\/wp-json\/wp\/v2\/media?parent=4686"}],"wp:term":[{"taxonomy":"category","embeddable":true,"href":"http:\/\/www.ananomundo.com.br\/nw\/wp-json\/wp\/v2\/categories?post=4686"},{"taxonomy":"post_tag","embeddable":true,"href":"http:\/\/www.ananomundo.com.br\/nw\/wp-json\/wp\/v2\/tags?post=4686"}],"curies":[{"name":"wp","href":"https:\/\/api.w.org\/{rel}","templated":true}]}}