

{"id":9277,"date":"2018-09-23T14:34:58","date_gmt":"2018-09-23T14:34:58","guid":{"rendered":"http:\/\/www.ananomundo.com.br\/nw\/?p=9277"},"modified":"2018-09-27T18:48:52","modified_gmt":"2018-09-27T18:48:52","slug":"conhecendo-as-cinque-terre-de-barco-e-de-trem-base-em-la-spezia","status":"publish","type":"post","link":"http:\/\/www.ananomundo.com.br\/nw\/conhecendo-as-cinque-terre-de-barco-e-de-trem-base-em-la-spezia\/","title":{"rendered":"Conhecendo as Cinque Terre de barco e de trem (base em La Spezia)"},"content":{"rendered":"<p>Nosso destino principal nessa<em> road trip<\/em> italiana era a Toscana. Mas uma coisa e outra, terminou que no <a href=\"http:\/\/www.ananomundo.com.br\/nw\/roteiro-italia-21-dias-toscana-costa-amalfitana\/\">planejamento<\/a> aumentamos os dias. A\u00ed inclu\u00edmos a Costa Amalfitana e uma parada especial em La Spezia para conhecermos as Cinque Terre. Esse foi nosso real come\u00e7o<em> by car<\/em>.<!--more--><\/p>\n<h4><span style=\"color: #0000ff;\">1) As Cinque Terre\u00a0<\/span><\/h4>\n<p>As famosas <em>Cinque Terre<\/em> s\u00e3o cinco lindos e charmosinhos vilarejos encravadas numa grande extens\u00e3o rochosa (em penhascos) na costa da regi\u00e3o da Lig\u00faria, na famosa &#8220;Riviera Italiana&#8221;. \u00a0Fazem parte do\u00a0Parque Nacional\u00a0de Preserva\u00e7\u00e3o e s\u00e3o Patrim\u00f4nios Mundiais da UNESCO.\u00a0&#8220;De quebra&#8221; existe ainda uma sexta terra (<span style=\"text-decoration: underline;\">Portovenere<\/span>), embora nem todos a consideram como tal. As cinco s\u00e3o:<\/p>\n<p><strong>1-<\/strong> Riomaggiore<\/p>\n<p><strong>2-<\/strong> Corniglia (que n\u00e3o pode ser acessada por barco, s\u00f3 por trem ou trilhas)<\/p>\n<p><strong>3-<\/strong> Manarola<\/p>\n<p><strong>4-<\/strong> Vernazza<\/p>\n<p><strong>5-<\/strong> Monterosso al Mare<\/p>\n<div id=\"attachment_9356\" style=\"width: 650px\" class=\"wp-caption aligncenter\"><img aria-describedby=\"caption-attachment-9356\" data-attachment-id=\"9356\" data-permalink=\"http:\/\/www.ananomundo.com.br\/nw\/conhecendo-as-cinque-terre-de-barco-e-de-trem-base-em-la-spezia\/vernazza\/\" data-orig-file=\"https:\/\/i2.wp.com\/www.ananomundo.com.br\/nw\/wp-content\/uploads\/2018\/09\/Vernazza.jpg?fit=640%2C480\" data-orig-size=\"640,480\" data-comments-opened=\"1\" data-image-meta=\"{&quot;aperture&quot;:&quot;0&quot;,&quot;credit&quot;:&quot;&quot;,&quot;camera&quot;:&quot;&quot;,&quot;caption&quot;:&quot;&quot;,&quot;created_timestamp&quot;:&quot;0&quot;,&quot;copyright&quot;:&quot;&quot;,&quot;focal_length&quot;:&quot;0&quot;,&quot;iso&quot;:&quot;0&quot;,&quot;shutter_speed&quot;:&quot;0&quot;,&quot;title&quot;:&quot;&quot;,&quot;orientation&quot;:&quot;0&quot;}\" data-image-title=\"Vernazza\" data-image-description=\"\" data-medium-file=\"https:\/\/i2.wp.com\/www.ananomundo.com.br\/nw\/wp-content\/uploads\/2018\/09\/Vernazza.jpg?fit=350%2C263\" data-large-file=\"https:\/\/i2.wp.com\/www.ananomundo.com.br\/nw\/wp-content\/uploads\/2018\/09\/Vernazza.jpg?fit=640%2C480\" loading=\"lazy\" class=\"size-full wp-image-9356\" src=\"https:\/\/i2.wp.com\/www.ananomundo.com.br\/nw\/wp-content\/uploads\/2018\/09\/Vernazza.jpg?resize=640%2C480\" alt=\"\" width=\"640\" height=\"480\" srcset=\"https:\/\/i2.wp.com\/www.ananomundo.com.br\/nw\/wp-content\/uploads\/2018\/09\/Vernazza.jpg?w=640 640w, https:\/\/i2.wp.com\/www.ananomundo.com.br\/nw\/wp-content\/uploads\/2018\/09\/Vernazza.jpg?resize=350%2C263 350w, https:\/\/i2.wp.com\/www.ananomundo.com.br\/nw\/wp-content\/uploads\/2018\/09\/Vernazza.jpg?resize=300%2C225 300w, https:\/\/i2.wp.com\/www.ananomundo.com.br\/nw\/wp-content\/uploads\/2018\/09\/Vernazza.jpg?resize=510%2C382 510w\" sizes=\"(max-width: 640px) 100vw, 640px\" data-recalc-dims=\"1\" \/><p id=\"caption-attachment-9356\" class=\"wp-caption-text\">Vernazza<\/p><\/div>\n<h4><span style=\"color: #0000ff;\">2) Porque a escolha da base em La Spezia?<\/span><\/h4>\n<p>&#8220;Pesquisa ali, pesquisa acol\u00e1&#8221;, resolvemos que nossa base seria <span style=\"text-decoration: underline;\">La Spezia<\/span>.<\/p>\n<p><span style=\"color: #0000ff;\">2.1) Principais motivos da <span style=\"text-decoration: underline;\">escolha da base em La Spezia<\/span>:<\/span><\/p>\n<p><strong>a-<\/strong>\u00a0 \u00c9 uma cidade portu\u00e1ria, pertinho das <span style=\"text-decoration: underline;\">Cinque Terre<\/span>, de onde partem barcos para as mesmas. Al\u00e9m dos barcos, tem uma esta\u00e7\u00e3o ferrovi\u00e1ria de onde partem trens para as &#8220;terres&#8221;. Em poucos minutos voc\u00ea chega de trem na primeira das Terre e em uma meia horinha de barco. Para a chamada &#8220;sexta terre&#8221;, Portovenere, tamb\u00e9m tem a op\u00e7\u00e3o de \u00f4nibus e de carro (al\u00e9m do trem e do barco).<\/p>\n<p><strong>b-<\/strong>\u00a0\u00c9 uma cidade plana e f\u00e1cil de se locomover. Tem\u00a0um cal\u00e7ad\u00e3o de pedestres (Via dei Priore)\u00a0 que come\u00e7a perto da esta\u00e7\u00e3o de trem e vai at\u00e9 a beira mar (rua com muitas lojinhas, caf\u00e9s e restaurantes).<\/p>\n<p><strong>c-<\/strong> O centro hist\u00f3rico \u00e9 bem interessante, e tem tamb\u00e9m um passeio\/cal\u00e7ad\u00e3o mar\u00edtimo amplo e bonito.<\/p>\n<p><strong>d-<\/strong> Tem muitas op\u00e7\u00f5es de hot\u00e9is e restaurantes.<\/p>\n<p><span style=\"color: #0000ff;\">2.2) Principais motivos para <span style=\"text-decoration: underline;\">n\u00e3o ficar em uma das &#8220;terres&#8221;<\/span>:<\/span><\/p>\n<p><strong>a-<\/strong> Voc\u00ea s\u00f3 entra ou sai de cada uma das Cinco Terre apenas de barco ou de trem, com hor\u00e1rios especificados (de carro voc\u00ea pode at\u00e9 chegar em Monterroso mas n\u00e3o \u00e9 muito simples &#8211; tem dicas no blog <a href=\"https:\/\/www.cafeviagem.com\/de-carro-em-cinque-terre\/\">Caf\u00e9 Viagem<\/a>;\u00a0e para chegar nas outras, desde Monterroso, somente de barco ou trem). Ent\u00e3o, achei que iria ficar &#8220;meio presa&#8221; se ficasse em um dos vilarejos.<\/p>\n<p><strong>b-<\/strong>\u00a0A maioria dos hot\u00e9is s\u00e3o muito simples e\/ou mais caros (tem praticamente apenas <a href=\"https:\/\/br.oyster.com\/cinque-terre\/hotels\/roundups\/best-luxury-hotels-in-cinque-terre\/\">dois hot\u00e9is<\/a> &#8220;de luxo&#8221;). Embora essa n\u00e3o seja a principal raz\u00e3o, claro.<\/p>\n<p><strong>c-<\/strong> O acesso com malas n\u00e3o \u00e9 l\u00e1 muito conveniente, tendo que possivelmente subir ou descer ladeiras em ruas desniveladas ou de pedras&#8230;<\/p>\n<p><span style=\"color: #0000ff;\">2.3) O hotel:<\/span><\/p>\n<p>E nosso <strong>hotel<\/strong> escolhido foi o<a href=\"https:\/\/www.nh-hoteles.pt\/hotel\/nh-la-spezia?campid=8435708&amp;ct=287135528&amp;gclid=EAIaIQobChMIrrTNyJ7D3QIViAuRCh1yTgdQEAAYASAAEgJuuvD_BwE&amp;dclid=CIKRoMqew90CFcV8wQod19QANg\"> NH La Spezia<\/a> por duas raz\u00f5es: Uma amiga j\u00e1 tinha ficado l\u00e1 e era frente ao mar (a poucos minutos a p\u00e9 at\u00e9 onde saem os barcos para as Cinque Terre).<\/p>\n<p>Claro que voc\u00ea pode optar em ficar mais perto da esta\u00e7\u00e3o ferrovi\u00e1ria, por exemplo. Por\u00e9m a dist\u00e2ncia entre o local que parte os barcos e a esta\u00e7\u00e3o de trens gira em torno de vinte minutos \u00e0 meia hora caminhando. Logo, se voc\u00ea pretende conhecer as Cinco Terre das duas maneiras (barco e trem) tanto faz o local que voc\u00ea escolha ficar.<\/p>\n<div id=\"attachment_9358\" style=\"width: 650px\" class=\"wp-caption aligncenter\"><img aria-describedby=\"caption-attachment-9358\" data-attachment-id=\"9358\" data-permalink=\"http:\/\/www.ananomundo.com.br\/nw\/conhecendo-as-cinque-terre-de-barco-e-de-trem-base-em-la-spezia\/la-spezia\/\" data-orig-file=\"https:\/\/i0.wp.com\/www.ananomundo.com.br\/nw\/wp-content\/uploads\/2018\/09\/La-Spezia.jpg?fit=640%2C480\" data-orig-size=\"640,480\" data-comments-opened=\"1\" data-image-meta=\"{&quot;aperture&quot;:&quot;0&quot;,&quot;credit&quot;:&quot;&quot;,&quot;camera&quot;:&quot;&quot;,&quot;caption&quot;:&quot;&quot;,&quot;created_timestamp&quot;:&quot;0&quot;,&quot;copyright&quot;:&quot;&quot;,&quot;focal_length&quot;:&quot;0&quot;,&quot;iso&quot;:&quot;0&quot;,&quot;shutter_speed&quot;:&quot;0&quot;,&quot;title&quot;:&quot;&quot;,&quot;orientation&quot;:&quot;0&quot;}\" data-image-title=\"La-Spezia\" data-image-description=\"\" data-medium-file=\"https:\/\/i0.wp.com\/www.ananomundo.com.br\/nw\/wp-content\/uploads\/2018\/09\/La-Spezia.jpg?fit=350%2C263\" data-large-file=\"https:\/\/i0.wp.com\/www.ananomundo.com.br\/nw\/wp-content\/uploads\/2018\/09\/La-Spezia.jpg?fit=640%2C480\" loading=\"lazy\" class=\"size-full wp-image-9358\" src=\"https:\/\/i0.wp.com\/www.ananomundo.com.br\/nw\/wp-content\/uploads\/2018\/09\/La-Spezia.jpg?resize=640%2C480\" alt=\"\" width=\"640\" height=\"480\" srcset=\"https:\/\/i0.wp.com\/www.ananomundo.com.br\/nw\/wp-content\/uploads\/2018\/09\/La-Spezia.jpg?w=640 640w, https:\/\/i0.wp.com\/www.ananomundo.com.br\/nw\/wp-content\/uploads\/2018\/09\/La-Spezia.jpg?resize=350%2C263 350w, https:\/\/i0.wp.com\/www.ananomundo.com.br\/nw\/wp-content\/uploads\/2018\/09\/La-Spezia.jpg?resize=300%2C225 300w, https:\/\/i0.wp.com\/www.ananomundo.com.br\/nw\/wp-content\/uploads\/2018\/09\/La-Spezia.jpg?resize=510%2C382 510w\" sizes=\"(max-width: 640px) 100vw, 640px\" data-recalc-dims=\"1\" \/><p id=\"caption-attachment-9358\" class=\"wp-caption-text\">La Spezia &#8211; os barcos que v\u00e3o \u00e0s Cinque Terre partem da\u00ed!<\/p><\/div>\n<h4><span style=\"color: #0000ff;\">3) Como chegamos em La Spezia<\/span><\/h4>\n<p>De Mil\u00e3o no nosso <span style=\"text-decoration: underline;\">carro<\/span> alugado rumamos pela estrada at\u00e9 La Spezia, nossa base escolhida. Pretend\u00edamos seguir pela estrada litor\u00e2nea,\u00a0 mas uma coisa e outra terminamos nos metendo na auto-estrada (A1\/E35\/E33).<\/p>\n<p style=\"text-align: right;\"><span style=\"text-decoration: underline; color: #0000ff;\">Obs.\u00b9-\u00a0<\/span>\u00a0<em>Auto-Estradas: s\u00e3o sinalizadas com \u2018A\u2019. S\u00e3o aquelas em que se paga ped\u00e1gio. As estradas n\u00e3o pagas s\u00e3o as &#8220;superstradas&#8221;, as &#8220;Statale&#8221;, e s\u00e3o sinalizadas com \u2018SS\u2019. Sempre que entrar numa auto estrada italiana, pegue o ticket em um guich\u00ea\/cabine na primeira pra\u00e7a de ped\u00e1gio que voc\u00ea encontrar; geralmente s\u00f3 vai pagar na &#8220;sua&#8221; sa\u00edda).<\/em><\/p>\n<p style=\"text-align: right;\"><span style=\"text-decoration: underline; color: #0000ff;\">Obs.\u00b2<\/span> &#8211;\u00a0<em> ZTL (Zona de tr\u00e1fico limitado): Esteja atento, pois se entrar sem autoriza\u00e7\u00e3o \u00e9 multado! <\/em><\/p>\n<p style=\"text-align: right;\"><em>Boas explica\u00e7\u00f5es sobre <a href=\"http:\/\/www.viajandoparaitalia.com.br\/blog\/como-funcionam-os-pedagios-na-italia\/\">ped\u00e1gio<\/a> e <a href=\"http:\/\/www.viajandoparaitalia.com.br\/informacoes-uteis\/dirigindo-na-italia\/como-funcionam-as-ztl-na-italia\/\">ZTL<\/a> voc\u00ea encontra no site &#8220;Viajando para a It\u00e1lia&#8221;.<\/em><\/p>\n<h4><span style=\"color: #0000ff;\">4) Quantos dias s\u00e3o necess\u00e1rios?<\/span><\/h4>\n<p>Ficamos dois dias que foram suficientes, mas se eu fosse de novo ficaria tr\u00eas dias para curtir mais. Deu para curtir um pouco de Portovenere e curtir bem as Cinque Terre (Manarola, Riomaggiore,\u00a0Corniglia,\u00a0Vernazza\u00a0e\u00a0Monterosso al Mare). Todas as cinco s\u00e3o maravilhosas. Mas, La Spezia tamb\u00e9m pareceu ser legal e n\u00e3o tivemos tempo para ela (somente conhecemos \u201ccorrendo\u201d o caminho entre o hotel e a esta\u00e7\u00e3o de trem, e passeios \u00e0 beira-mar).<\/p>\n<h4><span style=\"color: #0000ff;\">5) De Barco ou de Trem?<\/span><\/h4>\n<p>V\u00e1rios sites\/blogs nos orientavam ir de barco e voltar de trem . Porque a vista do barco seria muito e muito mais bonita. Ent\u00e3o vou concordar (mas em parte), pois fizemos das duas maneiras.<\/p>\n<p>Chegamos em La Spezia perto das 15h e, no hotel j\u00e1 soubemos que o \u00faltimo barco partiria as 16h. Corremos para peg\u00e1-lo, pois vimos a previs\u00e3o de tempo do dia seguinte que poderia chover.<\/p>\n<div id=\"attachment_9357\" style=\"width: 650px\" class=\"wp-caption aligncenter\"><img aria-describedby=\"caption-attachment-9357\" data-attachment-id=\"9357\" data-permalink=\"http:\/\/www.ananomundo.com.br\/nw\/conhecendo-as-cinque-terre-de-barco-e-de-trem-base-em-la-spezia\/no-barco\/\" data-orig-file=\"https:\/\/i2.wp.com\/www.ananomundo.com.br\/nw\/wp-content\/uploads\/2018\/09\/No-barco....jpg?fit=640%2C480\" data-orig-size=\"640,480\" data-comments-opened=\"1\" data-image-meta=\"{&quot;aperture&quot;:&quot;0&quot;,&quot;credit&quot;:&quot;&quot;,&quot;camera&quot;:&quot;&quot;,&quot;caption&quot;:&quot;&quot;,&quot;created_timestamp&quot;:&quot;0&quot;,&quot;copyright&quot;:&quot;&quot;,&quot;focal_length&quot;:&quot;0&quot;,&quot;iso&quot;:&quot;0&quot;,&quot;shutter_speed&quot;:&quot;0&quot;,&quot;title&quot;:&quot;&quot;,&quot;orientation&quot;:&quot;0&quot;}\" data-image-title=\"No-barco&#8230;\" data-image-description=\"\" data-medium-file=\"https:\/\/i2.wp.com\/www.ananomundo.com.br\/nw\/wp-content\/uploads\/2018\/09\/No-barco....jpg?fit=350%2C263\" data-large-file=\"https:\/\/i2.wp.com\/www.ananomundo.com.br\/nw\/wp-content\/uploads\/2018\/09\/No-barco....jpg?fit=640%2C480\" loading=\"lazy\" class=\"size-full wp-image-9357\" src=\"https:\/\/i2.wp.com\/www.ananomundo.com.br\/nw\/wp-content\/uploads\/2018\/09\/No-barco....jpg?resize=640%2C480\" alt=\"\" width=\"640\" height=\"480\" srcset=\"https:\/\/i2.wp.com\/www.ananomundo.com.br\/nw\/wp-content\/uploads\/2018\/09\/No-barco....jpg?w=640 640w, https:\/\/i2.wp.com\/www.ananomundo.com.br\/nw\/wp-content\/uploads\/2018\/09\/No-barco....jpg?resize=350%2C263 350w, https:\/\/i2.wp.com\/www.ananomundo.com.br\/nw\/wp-content\/uploads\/2018\/09\/No-barco....jpg?resize=300%2C225 300w, https:\/\/i2.wp.com\/www.ananomundo.com.br\/nw\/wp-content\/uploads\/2018\/09\/No-barco....jpg?resize=510%2C382 510w\" sizes=\"(max-width: 640px) 100vw, 640px\" data-recalc-dims=\"1\" \/><p id=\"caption-attachment-9357\" class=\"wp-caption-text\">No barco&#8230;<\/p><\/div>\n<p><span style=\"color: #0000ff;\">5.1)<\/span><span style=\"text-decoration: underline;\"><span style=\"color: #0000ff; text-decoration: underline;\">\u00a0Barco<\/span><\/span>:<\/p>\n<p>Como j\u00e1 era tarde (embora que o dia s\u00f3 escure\u00e7a depois das 21h em junho) resolvemos n\u00e3o descer em nenhuma das\u00a0 primeiras terres (ali\u00e1s compramos o bilhete s\u00f3 de ida e com um \u00fanico destino, embora o barco tenha parado em todas). Apenas descemos em dois lugares:\u00a0<span style=\"text-decoration: underline;\">Portovenere<\/span>, onde demos um passeio de uma horinha por l\u00e1, e na \u00faltima &#8220;terre&#8221;: <span style=\"text-decoration: underline;\">Monterrosso al Mare<\/span>, onde ficamos mais tempo (voltamos praticamente no \u00faltimo trem, rsrss).<\/p>\n<div id=\"attachment_9359\" style=\"width: 650px\" class=\"wp-caption aligncenter\"><img aria-describedby=\"caption-attachment-9359\" data-attachment-id=\"9359\" data-permalink=\"http:\/\/www.ananomundo.com.br\/nw\/conhecendo-as-cinque-terre-de-barco-e-de-trem-base-em-la-spezia\/portovenere\/\" data-orig-file=\"https:\/\/i1.wp.com\/www.ananomundo.com.br\/nw\/wp-content\/uploads\/2018\/09\/Portovenere.jpg?fit=640%2C480\" data-orig-size=\"640,480\" data-comments-opened=\"1\" data-image-meta=\"{&quot;aperture&quot;:&quot;0&quot;,&quot;credit&quot;:&quot;&quot;,&quot;camera&quot;:&quot;&quot;,&quot;caption&quot;:&quot;&quot;,&quot;created_timestamp&quot;:&quot;0&quot;,&quot;copyright&quot;:&quot;&quot;,&quot;focal_length&quot;:&quot;0&quot;,&quot;iso&quot;:&quot;0&quot;,&quot;shutter_speed&quot;:&quot;0&quot;,&quot;title&quot;:&quot;&quot;,&quot;orientation&quot;:&quot;0&quot;}\" data-image-title=\"Portovenere\" data-image-description=\"\" data-medium-file=\"https:\/\/i1.wp.com\/www.ananomundo.com.br\/nw\/wp-content\/uploads\/2018\/09\/Portovenere.jpg?fit=350%2C263\" data-large-file=\"https:\/\/i1.wp.com\/www.ananomundo.com.br\/nw\/wp-content\/uploads\/2018\/09\/Portovenere.jpg?fit=640%2C480\" loading=\"lazy\" class=\"size-full wp-image-9359\" src=\"https:\/\/i1.wp.com\/www.ananomundo.com.br\/nw\/wp-content\/uploads\/2018\/09\/Portovenere.jpg?resize=640%2C480\" alt=\"\" width=\"640\" height=\"480\" srcset=\"https:\/\/i1.wp.com\/www.ananomundo.com.br\/nw\/wp-content\/uploads\/2018\/09\/Portovenere.jpg?w=640 640w, https:\/\/i1.wp.com\/www.ananomundo.com.br\/nw\/wp-content\/uploads\/2018\/09\/Portovenere.jpg?resize=350%2C263 350w, https:\/\/i1.wp.com\/www.ananomundo.com.br\/nw\/wp-content\/uploads\/2018\/09\/Portovenere.jpg?resize=300%2C225 300w, https:\/\/i1.wp.com\/www.ananomundo.com.br\/nw\/wp-content\/uploads\/2018\/09\/Portovenere.jpg?resize=510%2C382 510w\" sizes=\"(max-width: 640px) 100vw, 640px\" data-recalc-dims=\"1\" \/><p id=\"caption-attachment-9359\" class=\"wp-caption-text\">Portovenere &#8211; vista desde o castelo &#8211;\u00a0<\/p><\/div>\n<p>&nbsp;<\/p>\n<div id=\"attachment_9362\" style=\"width: 550px\" class=\"wp-caption aligncenter\"><img aria-describedby=\"caption-attachment-9362\" data-attachment-id=\"9362\" data-permalink=\"http:\/\/www.ananomundo.com.br\/nw\/conhecendo-as-cinque-terre-de-barco-e-de-trem-base-em-la-spezia\/em-monterrosso-al-mare\/\" data-orig-file=\"https:\/\/i1.wp.com\/www.ananomundo.com.br\/nw\/wp-content\/uploads\/2018\/09\/Em-Monterrosso-al-Mare.jpg?fit=540%2C540\" data-orig-size=\"540,540\" data-comments-opened=\"1\" data-image-meta=\"{&quot;aperture&quot;:&quot;0&quot;,&quot;credit&quot;:&quot;&quot;,&quot;camera&quot;:&quot;&quot;,&quot;caption&quot;:&quot;&quot;,&quot;created_timestamp&quot;:&quot;0&quot;,&quot;copyright&quot;:&quot;&quot;,&quot;focal_length&quot;:&quot;0&quot;,&quot;iso&quot;:&quot;0&quot;,&quot;shutter_speed&quot;:&quot;0&quot;,&quot;title&quot;:&quot;&quot;,&quot;orientation&quot;:&quot;0&quot;}\" data-image-title=\"Em-Monterrosso-al-Mare\" data-image-description=\"\" data-medium-file=\"https:\/\/i1.wp.com\/www.ananomundo.com.br\/nw\/wp-content\/uploads\/2018\/09\/Em-Monterrosso-al-Mare.jpg?fit=350%2C350\" data-large-file=\"https:\/\/i1.wp.com\/www.ananomundo.com.br\/nw\/wp-content\/uploads\/2018\/09\/Em-Monterrosso-al-Mare.jpg?fit=540%2C540\" loading=\"lazy\" class=\"size-full wp-image-9362\" src=\"https:\/\/i1.wp.com\/www.ananomundo.com.br\/nw\/wp-content\/uploads\/2018\/09\/Em-Monterrosso-al-Mare.jpg?resize=540%2C540\" alt=\"\" width=\"540\" height=\"540\" srcset=\"https:\/\/i1.wp.com\/www.ananomundo.com.br\/nw\/wp-content\/uploads\/2018\/09\/Em-Monterrosso-al-Mare.jpg?w=540 540w, https:\/\/i1.wp.com\/www.ananomundo.com.br\/nw\/wp-content\/uploads\/2018\/09\/Em-Monterrosso-al-Mare.jpg?resize=350%2C350 350w, https:\/\/i1.wp.com\/www.ananomundo.com.br\/nw\/wp-content\/uploads\/2018\/09\/Em-Monterrosso-al-Mare.jpg?resize=180%2C180 180w, https:\/\/i1.wp.com\/www.ananomundo.com.br\/nw\/wp-content\/uploads\/2018\/09\/Em-Monterrosso-al-Mare.jpg?resize=300%2C300 300w, https:\/\/i1.wp.com\/www.ananomundo.com.br\/nw\/wp-content\/uploads\/2018\/09\/Em-Monterrosso-al-Mare.jpg?resize=55%2C55 55w, https:\/\/i1.wp.com\/www.ananomundo.com.br\/nw\/wp-content\/uploads\/2018\/09\/Em-Monterrosso-al-Mare.jpg?resize=144%2C144 144w\" sizes=\"(max-width: 540px) 100vw, 540px\" data-recalc-dims=\"1\" \/><p id=\"caption-attachment-9362\" class=\"wp-caption-text\">Em Monterrosso al Mare<\/p><\/div>\n<p>Durante o trajeto do barco, e em cada parada, curtimos a paisagem que era realmente linda (embora estivesse um pouco nublado do meio para o fim da &#8220;viagem&#8221;). Por\u00e9m percebemos uma coisa: no lugar em que aportam os barcos, voc\u00ea pode descer at\u00e9 l\u00e1 a p\u00e9 quando vem de trem. Ent\u00e3o, se tem tamb\u00e9m a vista de cada vilarejo &#8220;l\u00e1 de baixo&#8221; e tamb\u00e9m de cima para baixo&#8221;.<\/p>\n<p>Claro, que o passeio de barco \u00e9 bem legal. Tamb\u00e9m a vis\u00e3o, desde o mar, do conjunto das &#8220;terres&#8221; \u00e9 mais ampla. Mas se voc\u00ea n\u00e3o tem tempo para conhecer as &#8220;terres&#8221; de barco, n\u00e3o se preocupe: V\u00e1 de trem (super rapidinho, uns 5 minutinhos entre cada uma das terres&#8221;), e curta a paisagem desde v\u00e1rios pontos.<\/p>\n<p style=\"text-align: right;\"><em>OBS.\u00b9. Veja <span style=\"text-decoration: underline;\">hor\u00e1rios e pre\u00e7os dos barco<\/span>s no site <a href=\"https:\/\/www.cinqueterre5.com\/en\/cinque-terre-by-boat\">CinqueTerre5<\/a>. S\u00f3 lembrando que Corniglia \u00e9 a \u00fanica terre que n\u00e3o pode ser acessada por barco (fica l\u00e1 no alto\u00a0 da rocha sem acesso pelo mar). Existem v\u00e1rias modalidades: Por exemplo, voc\u00ea pode comprar s\u00f3 ida com uma ou mais paradas ou &#8220;ida e volta&#8221;. Tem uma possibilidade de comprar um\u00a0ticket ilimitado que pode &#8220;subir e descer&#8221; do barco onde e quando quiser no prazo de um dia inteiro.<\/em><\/p>\n<p><span style=\"color: #0000ff;\">5.2) T<\/span><span style=\"text-decoration: underline;\"><span style=\"color: #0000ff; text-decoration: underline;\">rem:<\/span><\/span><\/p>\n<p>No dia seguinte para nossa felicidade n\u00e3o choveu. O maior sol lind\u00e3o, mas como j\u00e1 t\u00ednhamos feito o passeio de barco resolvemos ent\u00e3o pegar o trem (at\u00e9 porque \u00e9 mais r\u00e1pido). Ent\u00e3o, esse dia inteiro foi dedicado \u00e0s Cinco Terre (\u00f4ps menos Monterrosso).<\/p>\n<p>Fomos parando de uma em uma cidadezinha, exceto na \u00faltima (Monterrosso) que j\u00e1 t\u00ednhamos curtido no dia anterior.\u00a0 \u00a0Na verdade &#8220;pulamos&#8221; a primeira (Riomaggiore) porque est\u00e1vamos conversando (\u00f4ps). Mas pensamos que n\u00e3o tinha problema pois pod\u00edamos parar na volta, o que realmente fizemos.<\/p>\n<p>Ent\u00e3o paramos primeiro na segunda: <strong>Manarola<\/strong> (a mais lindinha no meu ponto de vista). Depois de Manarola seria Corniglia pela ordem, mas no dia anterior quando o barco deu uma parada r\u00e1pida em Vernazza, vimos um restaurante encravado nas rochas com a maior cara de top. Da\u00ed como era hora de almo\u00e7o, tamb\u00e9m pulamos Corniglia, e fomos direto almo\u00e7ar em <strong>Vernazza<\/strong>. E na volta viemos parando nas duas que faltaram: <strong>Corniglia<\/strong> e <strong>Riomaggiore<\/strong>.<\/p>\n<div id=\"attachment_9360\" style=\"width: 650px\" class=\"wp-caption aligncenter\"><img aria-describedby=\"caption-attachment-9360\" data-attachment-id=\"9360\" data-permalink=\"http:\/\/www.ananomundo.com.br\/nw\/conhecendo-as-cinque-terre-de-barco-e-de-trem-base-em-la-spezia\/andancas-em-manarola\/\" data-orig-file=\"https:\/\/i1.wp.com\/www.ananomundo.com.br\/nw\/wp-content\/uploads\/2018\/09\/Andan\u00e7as-em-Manarola.jpg?fit=640%2C481\" data-orig-size=\"640,481\" data-comments-opened=\"1\" data-image-meta=\"{&quot;aperture&quot;:&quot;0&quot;,&quot;credit&quot;:&quot;&quot;,&quot;camera&quot;:&quot;&quot;,&quot;caption&quot;:&quot;&quot;,&quot;created_timestamp&quot;:&quot;0&quot;,&quot;copyright&quot;:&quot;&quot;,&quot;focal_length&quot;:&quot;0&quot;,&quot;iso&quot;:&quot;0&quot;,&quot;shutter_speed&quot;:&quot;0&quot;,&quot;title&quot;:&quot;&quot;,&quot;orientation&quot;:&quot;0&quot;}\" data-image-title=\"Andan\u00e7as-em-Manarola\" data-image-description=\"\" data-medium-file=\"https:\/\/i1.wp.com\/www.ananomundo.com.br\/nw\/wp-content\/uploads\/2018\/09\/Andan\u00e7as-em-Manarola.jpg?fit=350%2C263\" data-large-file=\"https:\/\/i1.wp.com\/www.ananomundo.com.br\/nw\/wp-content\/uploads\/2018\/09\/Andan\u00e7as-em-Manarola.jpg?fit=640%2C481\" loading=\"lazy\" class=\"size-full wp-image-9360\" src=\"https:\/\/i1.wp.com\/www.ananomundo.com.br\/nw\/wp-content\/uploads\/2018\/09\/Andan\u00e7as-em-Manarola.jpg?resize=640%2C481\" alt=\"\" width=\"640\" height=\"481\" srcset=\"https:\/\/i1.wp.com\/www.ananomundo.com.br\/nw\/wp-content\/uploads\/2018\/09\/Andan\u00e7as-em-Manarola.jpg?w=640 640w, https:\/\/i1.wp.com\/www.ananomundo.com.br\/nw\/wp-content\/uploads\/2018\/09\/Andan\u00e7as-em-Manarola.jpg?resize=350%2C263 350w, https:\/\/i1.wp.com\/www.ananomundo.com.br\/nw\/wp-content\/uploads\/2018\/09\/Andan\u00e7as-em-Manarola.jpg?resize=300%2C225 300w, https:\/\/i1.wp.com\/www.ananomundo.com.br\/nw\/wp-content\/uploads\/2018\/09\/Andan\u00e7as-em-Manarola.jpg?resize=510%2C382 510w\" sizes=\"(max-width: 640px) 100vw, 640px\" data-recalc-dims=\"1\" \/><p id=\"caption-attachment-9360\" class=\"wp-caption-text\">Andan\u00e7as em Manarola<\/p><\/div>\n<p style=\"text-align: right;\"><em>OBS\u00b2. Mais informa\u00e7\u00f5es de hor\u00e1rios e pre\u00e7os dos <span style=\"text-decoration: underline;\">trens<\/span> no site\u00a0<a href=\"https:\/\/www.cinqueterre5.com\/en\/cinque-terre-by-train\">CinqueTerre5 <\/a>.\u00a0Voc\u00ea pode comprar ida e volta ou s\u00f3 ida (ou s\u00f3 volta) ou apenas trechos (de tal vilarejo para tal vilarejo). L\u00f3gico que sai mais barato se compra o bilhete &#8220;cheio&#8221;, que ainda lhe d\u00e1 direito a um shuttle para acessar Corniglia &#8211; o vilarejo que fica mais no alto -. Existe tamb\u00e9m um tipo de bilhete que voc\u00ea pode usar o trem &#8220;sem limite&#8221; por 24h. Descendo e subindo de volta quando e onde bem desejar. N\u00e3o esque\u00e7a nunca de validar os bilhetes antes de embarcar.<\/em><\/p>\n<p style=\"text-align: left;\"><span style=\"color: #0000ff;\">5.3) Outra op\u00e7\u00e3o: <\/span><span style=\"text-decoration: underline; color: #0000ff;\">Trilhas<\/span><\/p>\n<p style=\"text-align: left;\">N\u00e3o fizemos&#8230; <em>\u00c9 poss\u00edvel tamb\u00e9m fazer<span style=\"color: #0000ff;\"> trilhas <span style=\"color: #333333;\">entre as &#8220;terres&#8221;. E<\/span><\/span>mbora gostarmos de &#8220;trilhar&#8221; n\u00e3o fizemos dessa vez, pois nosso objetivo da viagem era outro e n\u00e3o t\u00ednhamos muito tempo. Mais informa\u00e7\u00f5es das trilhas\u00a0no site <a href=\"https:\/\/www.cinqueterre5.com\/pt\/cinque-terre-trails\">CinqueTerre5.\u00a0<\/a><\/em><\/p>\n<h4><span style=\"color: #0000ff;\">6) E o que fizemos nas Cinco Terre?<\/span><\/h4>\n<p>Fizemos muitas coisas legais. Caminhamos muito &#8211; que \u00e9 a melhor forma de conhecer uma cidade -, subimos e descemos ladeiras (\u00e9 o jeito, n\u00e9?), curtimos vistas maravilhosas, comemos coisas deliciosas, tomamos vinho e alguns aperol-spritz (a cara da It\u00e1lia!), e at\u00e9 banho de mar aconteceu (risos). Eu bem que queria ter participado dessas banhos, mas n\u00e3o estava com roupas apropriadas. Por\u00e9m meu maridote deu conta dessa parte com seu short e camisa que secavam rapidamente hehehe! Eu fiquei s\u00f3 na &#8220;inveja&#8221; curtindo a paisagem e os banhos de mar dele em Manarola e em Riomaggiore!<\/p>\n<div id=\"attachment_9361\" style=\"width: 490px\" class=\"wp-caption aligncenter\"><img aria-describedby=\"caption-attachment-9361\" data-attachment-id=\"9361\" data-permalink=\"http:\/\/www.ananomundo.com.br\/nw\/conhecendo-as-cinque-terre-de-barco-e-de-trem-base-em-la-spezia\/banho-em-manarola\/\" data-orig-file=\"https:\/\/i0.wp.com\/www.ananomundo.com.br\/nw\/wp-content\/uploads\/2018\/09\/Banho-em-Manarola.jpg?fit=480%2C662\" data-orig-size=\"480,662\" data-comments-opened=\"1\" data-image-meta=\"{&quot;aperture&quot;:&quot;0&quot;,&quot;credit&quot;:&quot;&quot;,&quot;camera&quot;:&quot;&quot;,&quot;caption&quot;:&quot;&quot;,&quot;created_timestamp&quot;:&quot;0&quot;,&quot;copyright&quot;:&quot;&quot;,&quot;focal_length&quot;:&quot;0&quot;,&quot;iso&quot;:&quot;0&quot;,&quot;shutter_speed&quot;:&quot;0&quot;,&quot;title&quot;:&quot;&quot;,&quot;orientation&quot;:&quot;0&quot;}\" data-image-title=\"Banho-em-Manarola\" data-image-description=\"\" data-medium-file=\"https:\/\/i0.wp.com\/www.ananomundo.com.br\/nw\/wp-content\/uploads\/2018\/09\/Banho-em-Manarola.jpg?fit=350%2C483\" data-large-file=\"https:\/\/i0.wp.com\/www.ananomundo.com.br\/nw\/wp-content\/uploads\/2018\/09\/Banho-em-Manarola.jpg?fit=480%2C662\" loading=\"lazy\" class=\"size-full wp-image-9361\" src=\"https:\/\/i0.wp.com\/www.ananomundo.com.br\/nw\/wp-content\/uploads\/2018\/09\/Banho-em-Manarola.jpg?resize=480%2C662\" alt=\"\" width=\"480\" height=\"662\" srcset=\"https:\/\/i0.wp.com\/www.ananomundo.com.br\/nw\/wp-content\/uploads\/2018\/09\/Banho-em-Manarola.jpg?w=480 480w, https:\/\/i0.wp.com\/www.ananomundo.com.br\/nw\/wp-content\/uploads\/2018\/09\/Banho-em-Manarola.jpg?resize=350%2C483 350w, https:\/\/i0.wp.com\/www.ananomundo.com.br\/nw\/wp-content\/uploads\/2018\/09\/Banho-em-Manarola.jpg?resize=300%2C414 300w\" sizes=\"(max-width: 480px) 100vw, 480px\" data-recalc-dims=\"1\" \/><p id=\"caption-attachment-9361\" class=\"wp-caption-text\">Banho em Manarola<\/p><\/div>\n<p>No pr\u00f3ximo post vou falar mais do que fizemos em cada uma das Terres, incluindo dicas dos restaurantes! Aguardem a\u00ed!<\/p>\n<p>&nbsp;<\/p>\n<p>&nbsp;<\/p>\n<div style=\"display: none;\"\n    class=\"kk-star-ratings kksr-valign-bottom kksr-align-right kksr-disabled\"\n    data-id=\"9277\"\n    data-slug=\"\">\n    <div class=\"kksr-stars\">\n    <div class=\"kksr-stars-inactive\">\n            <div class=\"kksr-star\" data-star=\"1\">\n            <div class=\"kksr-icon\" style=\"width: px; height: px;\"><\/div>\n        <\/div>\n            <div class=\"kksr-star\" data-star=\"2\">\n            <div class=\"kksr-icon\" style=\"width: px; height: px;\"><\/div>\n        <\/div>\n            <div class=\"kksr-star\" data-star=\"3\">\n            <div class=\"kksr-icon\" style=\"width: px; height: px;\"><\/div>\n        <\/div>\n            <div class=\"kksr-star\" data-star=\"4\">\n            <div class=\"kksr-icon\" style=\"width: px; height: px;\"><\/div>\n        <\/div>\n            <div class=\"kksr-star\" data-star=\"5\">\n            <div class=\"kksr-icon\" style=\"width: px; height: px;\"><\/div>\n        <\/div>\n    <\/div>\n    <div class=\"kksr-stars-active\" style=\"width: 0px;\">\n            <div class=\"kksr-star\">\n            <div class=\"kksr-icon\" style=\"width: px; height: px;\"><\/div>\n        <\/div>\n            <div class=\"kksr-star\">\n            <div class=\"kksr-icon\" style=\"width: px; height: px;\"><\/div>\n        <\/div>\n            <div class=\"kksr-star\">\n            <div class=\"kksr-icon\" style=\"width: px; height: px;\"><\/div>\n        <\/div>\n            <div class=\"kksr-star\">\n            <div class=\"kksr-icon\" style=\"width: px; height: px;\"><\/div>\n        <\/div>\n            <div class=\"kksr-star\">\n            <div class=\"kksr-icon\" style=\"width: px; height: px;\"><\/div>\n        <\/div>\n    <\/div>\n<\/div>\n    <div class=\"kksr-legend\">\n            <span class=\"kksr-muted\"><\/span>\n    <\/div>\n<\/div>\n<div class=\"sharedaddy sd-sharing-enabled\"><div class=\"robots-nocontent sd-block sd-social sd-social-icon-text sd-sharing\"><h3 class=\"sd-title\">Compartilhe isso:<\/h3><div class=\"sd-content\"><ul><li class=\"share-facebook\"><a rel=\"nofollow noopener noreferrer\" data-shared=\"sharing-facebook-9277\" class=\"share-facebook sd-button share-icon\" href=\"http:\/\/www.ananomundo.com.br\/nw\/conhecendo-as-cinque-terre-de-barco-e-de-trem-base-em-la-spezia\/?share=facebook\" target=\"_blank\" title=\"Clique para compartilhar no Facebook\"><span>Facebook<\/span><\/a><\/li><li class=\"share-twitter\"><a rel=\"nofollow noopener noreferrer\" data-shared=\"sharing-twitter-9277\" class=\"share-twitter sd-button share-icon\" href=\"http:\/\/www.ananomundo.com.br\/nw\/conhecendo-as-cinque-terre-de-barco-e-de-trem-base-em-la-spezia\/?share=twitter\" target=\"_blank\" title=\"Clique para compartilhar no Twitter\"><span>Twitter<\/span><\/a><\/li><li class=\"share-email\"><a rel=\"nofollow noopener noreferrer\" data-shared=\"\" class=\"share-email sd-button share-icon\" href=\"http:\/\/www.ananomundo.com.br\/nw\/conhecendo-as-cinque-terre-de-barco-e-de-trem-base-em-la-spezia\/?share=email\" target=\"_blank\" title=\"Clique para enviar por e-mail a um amigo\"><span>E-mail<\/span><\/a><\/li><li class=\"share-print\"><a rel=\"nofollow noopener noreferrer\" data-shared=\"\" class=\"share-print sd-button share-icon\" href=\"http:\/\/www.ananomundo.com.br\/nw\/conhecendo-as-cinque-terre-de-barco-e-de-trem-base-em-la-spezia\/\" target=\"_blank\" title=\"Clique para imprimir\"><span>Imprimir<\/span><\/a><\/li><li class=\"share-end\"><\/li><\/ul><\/div><\/div><\/div>","protected":false},"excerpt":{"rendered":"<p>Nosso destino principal nessa road trip italiana era a Toscana. Mas uma coisa e outra, terminou que no planejamento aumentamos os dias. A\u00ed inclu\u00edmos a Costa Amalfitana e uma parada especial em La Spezia para conhecermos as Cinque Terre. Esse foi nosso real come\u00e7o by car.<\/p>\n<div class=\"sharedaddy sd-sharing-enabled\"><div class=\"robots-nocontent sd-block sd-social sd-social-icon-text sd-sharing\"><h3 class=\"sd-title\">Compartilhe isso:<\/h3><div class=\"sd-content\"><ul><li class=\"share-facebook\"><a rel=\"nofollow noopener noreferrer\" data-shared=\"sharing-facebook-9277\" class=\"share-facebook sd-button share-icon\" href=\"http:\/\/www.ananomundo.com.br\/nw\/conhecendo-as-cinque-terre-de-barco-e-de-trem-base-em-la-spezia\/?share=facebook\" target=\"_blank\" title=\"Clique para compartilhar no Facebook\"><span>Facebook<\/span><\/a><\/li><li class=\"share-twitter\"><a rel=\"nofollow noopener noreferrer\" data-shared=\"sharing-twitter-9277\" class=\"share-twitter sd-button share-icon\" href=\"http:\/\/www.ananomundo.com.br\/nw\/conhecendo-as-cinque-terre-de-barco-e-de-trem-base-em-la-spezia\/?share=twitter\" target=\"_blank\" title=\"Clique para compartilhar no Twitter\"><span>Twitter<\/span><\/a><\/li><li class=\"share-email\"><a rel=\"nofollow noopener noreferrer\" data-shared=\"\" class=\"share-email sd-button share-icon\" href=\"http:\/\/www.ananomundo.com.br\/nw\/conhecendo-as-cinque-terre-de-barco-e-de-trem-base-em-la-spezia\/?share=email\" target=\"_blank\" title=\"Clique para enviar por e-mail a um amigo\"><span>E-mail<\/span><\/a><\/li><li class=\"share-print\"><a rel=\"nofollow noopener noreferrer\" data-shared=\"\" class=\"share-print sd-button share-icon\" href=\"http:\/\/www.ananomundo.com.br\/nw\/conhecendo-as-cinque-terre-de-barco-e-de-trem-base-em-la-spezia\/\" target=\"_blank\" title=\"Clique para imprimir\"><span>Imprimir<\/span><\/a><\/li><li class=\"share-end\"><\/li><\/ul><\/div><\/div><\/div>","protected":false},"author":2,"featured_media":9362,"comment_status":"open","ping_status":"closed","sticky":false,"template":"","format":"standard","meta":{"spay_email":"","jetpack_publicize_message":""},"categories":[33],"tags":[196,702,384,699,700,705,704,703,701],"jetpack_featured_media_url":"https:\/\/i1.wp.com\/www.ananomundo.com.br\/nw\/wp-content\/uploads\/2018\/09\/Em-Monterrosso-al-Mare.jpg?fit=540%2C540","jetpack_publicize_connections":[],"jetpack_sharing_enabled":true,"jetpack_shortlink":"https:\/\/wp.me\/p95hZM-2pD","jetpack-related-posts":[],"jetpack_likes_enabled":true,"_links":{"self":[{"href":"http:\/\/www.ananomundo.com.br\/nw\/wp-json\/wp\/v2\/posts\/9277"}],"collection":[{"href":"http:\/\/www.ananomundo.com.br\/nw\/wp-json\/wp\/v2\/posts"}],"about":[{"href":"http:\/\/www.ananomundo.com.br\/nw\/wp-json\/wp\/v2\/types\/post"}],"author":[{"embeddable":true,"href":"http:\/\/www.ananomundo.com.br\/nw\/wp-json\/wp\/v2\/users\/2"}],"replies":[{"embeddable":true,"href":"http:\/\/www.ananomundo.com.br\/nw\/wp-json\/wp\/v2\/comments?post=9277"}],"version-history":[{"count":19,"href":"http:\/\/www.ananomundo.com.br\/nw\/wp-json\/wp\/v2\/posts\/9277\/revisions"}],"predecessor-version":[{"id":9363,"href":"http:\/\/www.ananomundo.com.br\/nw\/wp-json\/wp\/v2\/posts\/9277\/revisions\/9363"}],"wp:featuredmedia":[{"embeddable":true,"href":"http:\/\/www.ananomundo.com.br\/nw\/wp-json\/wp\/v2\/media\/9362"}],"wp:attachment":[{"href":"http:\/\/www.ananomundo.com.br\/nw\/wp-json\/wp\/v2\/media?parent=9277"}],"wp:term":[{"taxonomy":"category","embeddable":true,"href":"http:\/\/www.ananomundo.com.br\/nw\/wp-json\/wp\/v2\/categories?post=9277"},{"taxonomy":"post_tag","embeddable":true,"href":"http:\/\/www.ananomundo.com.br\/nw\/wp-json\/wp\/v2\/tags?post=9277"}],"curies":[{"name":"wp","href":"https:\/\/api.w.org\/{rel}","templated":true}]}}